{"id":7550,"date":"2024-12-16T11:03:46","date_gmt":"2024-12-16T10:03:46","guid":{"rendered":"https:\/\/degrados.es\/weine-cavas-wermut-und-mistelas-fluessige-schaetze-aus-valencia\/"},"modified":"2024-12-16T11:03:47","modified_gmt":"2024-12-16T10:03:47","slug":"weine-cavas-wermut-und-mistelas-fluessige-schaetze-aus-valencia","status":"publish","type":"post","link":"https:\/\/degrados.es\/de\/weine-cavas-wermut-und-mistelas-fluessige-schaetze-aus-valencia\/","title":{"rendered":"Weine, Cavas, Wermut und Mistelas: fl\u00fcssige Sch\u00e4tze aus Valencia"},"content":{"rendered":"\n<p>F\u00fcr Lik\u00f6rliebhaber ist die Region nicht nur f\u00fcr ihre Paella und Orangenbl\u00fcten ber\u00fchmt, sondern auch f\u00fcr eine Vielzahl von Getr\u00e4nken wie <strong>Weine, Cavas, Wermut und Mistelas<\/strong>. Diese Produkte sind wahre Schmuckst\u00fccke, die die Geschichte, das Klima und die Leidenschaft ihrer Erzeuger widerspiegeln. <\/p>\n\n<p>In diesem Beitrag werden wir die Welt dieser fl\u00fcssigen Sch\u00e4tze Valencias eingehend erkunden und nicht nur ihre Eigenschaften und Besonderheiten analysieren, sondern auch, wie man jeden einzelnen von ihnen genie\u00dfen kann, um ihren \u00f6nologischen und kulturellen Wert zu sch\u00e4tzen.<\/p>\n\n<h2 class=\"wp-block-heading\">Die Welt des valencianischen Weins<\/h2>\n\n<p>Valencia ist seit jeher f\u00fcr seine Weinproduktion bekannt, insbesondere f\u00fcr die robusten Rotweine und frischen Wei\u00dfweine. Die <strong>Valencianische Gemeinschaft<\/strong> hat mehrere <strong>Herkunftsbezeichnungen<\/strong> (DO) f\u00fcr <a href=\"https:\/\/degrados.es\/de\/categoria-producto\/signatur-weine\/\" target=\"_blank\" rel=\"noreferrer noopener\">valencianische Weine<\/a>, die wichtigsten sind <strong>DO Valencia<\/strong>, <strong>DO Alicante<\/strong> und <strong>DO Utiel-Requena<\/strong>. Jedes dieser Gebiete bietet Weine mit einzigartigen Eigenschaften, die durch das mediterrane Klima und die einheimischen Rebsorten beeinflusst werden.  <\/p>\n\n<h3 class=\"wp-block-heading\">DO Utiel-Requena: Heimat der Bobal-Traube<\/h3>\n\n<p>Die <strong>Bobal-Traube<\/strong> ist der unbestrittene Star der <strong>Utiel-Requena-Weine<\/strong>. Diese in der Region beheimatete Rebsorte wird seit Jahrhunderten angebaut und ist daf\u00fcr bekannt, vollmundige, tanninreiche Rotweine mit einer hohen Lagerf\u00e4higkeit zu erzeugen. Obwohl die Bobal-Traube in der Vergangenheit international weniger bekannt war, wird sie inzwischen f\u00fcr ihren unverwechselbaren Charakter gesch\u00e4tzt.  <\/p>\n\n<p><strong>Bobal-Rotweine<\/strong> sind ideal als Begleiter zu roten Fleischgerichten, Wild oder Eint\u00f6pfen. Aber auch die frischen und fruchtigen Bobal-Ros\u00e9weine sind perfekt f\u00fcr das warme Klima Valencias. F\u00fcr Weinliebhaber bedeutet die Verkostung eines Bobal die Entdeckung einer einzigartigen Sorte, die durch ihre Vielseitigkeit \u00fcberrascht.  <\/p>\n\n<h3 class=\"wp-block-heading\">DO Valencia und DO Alicante: Vielfalt und Eleganz<\/h3>\n\n<p>Die Gebiete <strong>der DO Valencia<\/strong> und der <strong>DO Alicante<\/strong> sind ber\u00fchmt f\u00fcr ihre Vielfalt an Weinstilen. Die frischen Wei\u00dfweine aus Trauben wie <strong>Merseguera<\/strong> und <strong>Malvas\u00eda<\/strong> sind eine ausgezeichnete Wahl f\u00fcr den Sommer, da ihre Frische und Zitrusnoten perfekt mit der mediterranen K\u00fcche harmonieren. Im Gegensatz dazu sind die Rotweine aus Alicante, insbesondere die aus der <strong>Monastrell-Traube<\/strong>, robuster, mit Noten von schwarzen Fr\u00fcchten, Gew\u00fcrzen und einer mineralischen Note, die den steinigen Boden der Region widerspiegelt.  <\/p>\n<div data-block-name=\"woocommerce\/product-category\" data-categories=\"[954,523,958]\" class=\"wc-block-grid wp-block-product-category wp-block-woocommerce-product-category wc-block-product-category has-3-columns has-multiple-rows\"><ul class=\"wc-block-grid__products\"><li class=\"wc-block-grid__product\">\n\t\t\t\t<a href=\"https:\/\/degrados.es\/de\/producto\/vino-tinto-de-alicante\/\" class=\"wc-block-grid__product-link\">\n\t\t\t\t\t<div class=\"wc-block-grid__product-onsale\">\n\t\t\t<span aria-hidden=\"true\">Angebot<\/span>\n\t\t\t<span class=\"screen-reader-text\">Produkt im Angebot<\/span>\n\t\t<\/div>\n\t\t\t\t\t<div class=\"wc-block-grid__product-image\"><img fetchpriority=\"high\" decoding=\"async\" width=\"460\" height=\"460\" src=\"https:\/\/degrados.es\/wp-content\/uploads\/2025\/10\/Vino-tinto-alicante-460x460.webp\" class=\"attachment-woocommerce_thumbnail size-woocommerce_thumbnail\" alt=\"Vino mediterr\u00e1neo\" srcset=\"https:\/\/degrados.es\/wp-content\/uploads\/2025\/10\/Vino-tinto-alicante-460x460.webp 460w, https:\/\/degrados.es\/wp-content\/uploads\/2025\/10\/Vino-tinto-alicante-300x300.webp 300w, https:\/\/degrados.es\/wp-content\/uploads\/2025\/10\/Vino-tinto-alicante-1024x1024.webp 1024w, https:\/\/degrados.es\/wp-content\/uploads\/2025\/10\/Vino-tinto-alicante-150x150.webp 150w, https:\/\/degrados.es\/wp-content\/uploads\/2025\/10\/Vino-tinto-alicante-768x768.webp 768w, https:\/\/degrados.es\/wp-content\/uploads\/2025\/10\/Vino-tinto-alicante-1536x1536.webp 1536w, https:\/\/degrados.es\/wp-content\/uploads\/2025\/10\/Vino-tinto-alicante-800x800.webp 800w, https:\/\/degrados.es\/wp-content\/uploads\/2025\/10\/Vino-tinto-alicante-100x100.webp 100w, https:\/\/degrados.es\/wp-content\/uploads\/2025\/10\/Vino-tinto-alicante-50x50.webp 50w, https:\/\/degrados.es\/wp-content\/uploads\/2025\/10\/Vino-tinto-alicante-600x600.webp 600w, https:\/\/degrados.es\/wp-content\/uploads\/2025\/10\/Vino-tinto-alicante-96x96.webp 96w, https:\/\/degrados.es\/wp-content\/uploads\/2025\/10\/Vino-tinto-alicante.webp 2000w\" sizes=\"(max-width: 460px) 100vw, 460px\" \/><\/div>\n\t\t\t\t\t<div class=\"wc-block-grid__product-title\">Vino tinto de Alicante &#8211; Fet a ma<\/div>\n\t\t\t\t<\/a>\n\t\t\t\t<div class=\"wc-block-grid__product-price price\"><del aria-hidden=\"true\"><span class=\"woocommerce-Price-amount amount\">12,50<span class=\"woocommerce-Price-currencySymbol\">&euro;<\/span><\/span><\/del> <span class=\"screen-reader-text\">Urspr\u00fcnglicher Preis war: 12,50&euro;<\/span><ins aria-hidden=\"true\"><span class=\"woocommerce-Price-amount amount\">11,87<span class=\"woocommerce-Price-currencySymbol\">&euro;<\/span><\/span><\/ins><span class=\"screen-reader-text\">Aktueller Preis ist: 11,87&euro;.<\/span> <small class=\"woocommerce-price-suffix\">IVA Incluido<\/small><\/div>\n\t\t\t\t\n\t\t\t\t<div class=\"wp-block-button wc-block-grid__product-add-to-cart\"><a href=\"\/de\/wp-json\/wp\/v2\/posts\/7550?add-to-cart=8380\" aria-label=\"In den Warenkorb legen: \u201eVino tinto de Alicante - Fet a ma\u201c\" data-quantity=\"1\" data-product_id=\"8380\" data-product_sku=\"\" data-price=\"11.87\" rel=\"nofollow\" class=\"wp-block-button__link  add_to_cart_button ajax_add_to_cart\">In den Warenkorb<\/a><\/div>\n\t\t\t<\/li><li class=\"wc-block-grid__product\">\n\t\t\t\t<a href=\"https:\/\/degrados.es\/de\/producto\/vino-blanco-alicante\/\" class=\"wc-block-grid__product-link\">\n\t\t\t\t\t<div class=\"wc-block-grid__product-onsale\">\n\t\t\t<span aria-hidden=\"true\">Angebot<\/span>\n\t\t\t<span class=\"screen-reader-text\">Produkt im Angebot<\/span>\n\t\t<\/div>\n\t\t\t\t\t<div class=\"wc-block-grid__product-image\"><img decoding=\"async\" width=\"460\" height=\"460\" src=\"https:\/\/degrados.es\/wp-content\/uploads\/2025\/10\/Vino-blanco-alicante-460x460.webp\" class=\"attachment-woocommerce_thumbnail size-woocommerce_thumbnail\" alt=\"Vino blanco seco\" srcset=\"https:\/\/degrados.es\/wp-content\/uploads\/2025\/10\/Vino-blanco-alicante-460x460.webp 460w, https:\/\/degrados.es\/wp-content\/uploads\/2025\/10\/Vino-blanco-alicante-300x300.webp 300w, https:\/\/degrados.es\/wp-content\/uploads\/2025\/10\/Vino-blanco-alicante-1024x1024.webp 1024w, https:\/\/degrados.es\/wp-content\/uploads\/2025\/10\/Vino-blanco-alicante-150x150.webp 150w, https:\/\/degrados.es\/wp-content\/uploads\/2025\/10\/Vino-blanco-alicante-768x768.webp 768w, https:\/\/degrados.es\/wp-content\/uploads\/2025\/10\/Vino-blanco-alicante-1536x1536.webp 1536w, https:\/\/degrados.es\/wp-content\/uploads\/2025\/10\/Vino-blanco-alicante-800x800.webp 800w, https:\/\/degrados.es\/wp-content\/uploads\/2025\/10\/Vino-blanco-alicante-100x100.webp 100w, https:\/\/degrados.es\/wp-content\/uploads\/2025\/10\/Vino-blanco-alicante-50x50.webp 50w, https:\/\/degrados.es\/wp-content\/uploads\/2025\/10\/Vino-blanco-alicante-600x600.webp 600w, https:\/\/degrados.es\/wp-content\/uploads\/2025\/10\/Vino-blanco-alicante-96x96.webp 96w, https:\/\/degrados.es\/wp-content\/uploads\/2025\/10\/Vino-blanco-alicante.webp 2000w\" sizes=\"(max-width: 460px) 100vw, 460px\" \/><\/div>\n\t\t\t\t\t<div class=\"wc-block-grid__product-title\">Vino blanco de Alicante &#8211; Flor Malv\u00e9s<\/div>\n\t\t\t\t<\/a>\n\t\t\t\t<div class=\"wc-block-grid__product-price price\"><del aria-hidden=\"true\"><span class=\"woocommerce-Price-amount amount\">12,50<span class=\"woocommerce-Price-currencySymbol\">&euro;<\/span><\/span><\/del> <span class=\"screen-reader-text\">Urspr\u00fcnglicher Preis war: 12,50&euro;<\/span><ins aria-hidden=\"true\"><span class=\"woocommerce-Price-amount amount\">11,87<span class=\"woocommerce-Price-currencySymbol\">&euro;<\/span><\/span><\/ins><span class=\"screen-reader-text\">Aktueller Preis ist: 11,87&euro;.<\/span> <small class=\"woocommerce-price-suffix\">IVA Incluido<\/small><\/div>\n\t\t\t\t\n\t\t\t\t<div class=\"wp-block-button wc-block-grid__product-add-to-cart\"><a href=\"\/de\/wp-json\/wp\/v2\/posts\/7550?add-to-cart=8366\" aria-label=\"In den Warenkorb legen: \u201eVino blanco de Alicante - Flor Malv\u00e9s\u201c\" data-quantity=\"1\" data-product_id=\"8366\" data-product_sku=\"\" data-price=\"11.87\" rel=\"nofollow\" class=\"wp-block-button__link  add_to_cart_button ajax_add_to_cart\">In den Warenkorb<\/a><\/div>\n\t\t\t<\/li><li class=\"wc-block-grid__product\">\n\t\t\t\t<a href=\"https:\/\/degrados.es\/de\/producto\/wein-alicante-gurgu-avantpassats\/\" class=\"wc-block-grid__product-link\">\n\t\t\t\t\t<div class=\"wc-block-grid__product-onsale\">\n\t\t\t<span aria-hidden=\"true\">Angebot<\/span>\n\t\t\t<span class=\"screen-reader-text\">Produkt im Angebot<\/span>\n\t\t<\/div>\n\t\t\t\t\t<div class=\"wc-block-grid__product-image\"><img decoding=\"async\" width=\"460\" height=\"460\" src=\"https:\/\/degrados.es\/wp-content\/uploads\/2021\/12\/vinos-valencianos-gurgu-avantpassat-460x460.webp\" class=\"attachment-woocommerce_thumbnail size-woocommerce_thumbnail\" alt=\"Valencianische Weine Online\" srcset=\"https:\/\/degrados.es\/wp-content\/uploads\/2021\/12\/vinos-valencianos-gurgu-avantpassat-460x460.webp 460w, https:\/\/degrados.es\/wp-content\/uploads\/2021\/12\/vinos-valencianos-gurgu-avantpassat-100x100.webp 100w, https:\/\/degrados.es\/wp-content\/uploads\/2021\/12\/vinos-valencianos-gurgu-avantpassat-300x300.webp 300w, https:\/\/degrados.es\/wp-content\/uploads\/2021\/12\/vinos-valencianos-gurgu-avantpassat-150x150.webp 150w, https:\/\/degrados.es\/wp-content\/uploads\/2021\/12\/vinos-valencianos-gurgu-avantpassat-768x768.webp 768w, https:\/\/degrados.es\/wp-content\/uploads\/2021\/12\/vinos-valencianos-gurgu-avantpassat-600x600.webp 600w, https:\/\/degrados.es\/wp-content\/uploads\/2021\/12\/vinos-valencianos-gurgu-avantpassat.webp 800w\" sizes=\"(max-width: 460px) 100vw, 460px\" \/><\/div>\n\t\t\t\t\t<div class=\"wc-block-grid__product-title\">Wein Alicante GURGU Avantpassats<\/div>\n\t\t\t\t<\/a>\n\t\t\t\t<div class=\"wc-block-grid__product-price price\"><del aria-hidden=\"true\"><span class=\"woocommerce-Price-amount amount\">15,95<span class=\"woocommerce-Price-currencySymbol\">&euro;<\/span><\/span><\/del> <span class=\"screen-reader-text\">Urspr\u00fcnglicher Preis war: 15,95&euro;<\/span><ins aria-hidden=\"true\"><span class=\"woocommerce-Price-amount amount\">15,15<span class=\"woocommerce-Price-currencySymbol\">&euro;<\/span><\/span><\/ins><span class=\"screen-reader-text\">Aktueller Preis ist: 15,15&euro;.<\/span> <small class=\"woocommerce-price-suffix\">IVA Incluido<\/small><\/div>\n\t\t\t\t\n\t\t\t\t<div class=\"wp-block-button wc-block-grid__product-add-to-cart\"><a href=\"\/de\/wp-json\/wp\/v2\/posts\/7550?add-to-cart=2775\" aria-label=\"In den Warenkorb legen: \u201eWein Alicante GURGU Avantpassats\u201c\" data-quantity=\"1\" data-product_id=\"2775\" data-product_sku=\"D1G20\" data-price=\"15.15\" rel=\"nofollow\" class=\"wp-block-button__link  add_to_cart_button ajax_add_to_cart\">In den Warenkorb<\/a><\/div>\n\t\t\t<\/li><li class=\"wc-block-grid__product\">\n\t\t\t\t<a href=\"https:\/\/degrados.es\/de\/producto\/wein-alicante-gurgu-jove-de-trellat\/\" class=\"wc-block-grid__product-link\">\n\t\t\t\t\t<div class=\"wc-block-grid__product-onsale\">\n\t\t\t<span aria-hidden=\"true\">Angebot<\/span>\n\t\t\t<span class=\"screen-reader-text\">Produkt im Angebot<\/span>\n\t\t<\/div>\n\t\t\t\t\t<div class=\"wc-block-grid__product-image\"><img loading=\"lazy\" decoding=\"async\" width=\"460\" height=\"460\" src=\"https:\/\/degrados.es\/wp-content\/uploads\/2021\/12\/vino-tinto-valenciano-gurgu-jove-trellat-460x460.webp\" class=\"attachment-woocommerce_thumbnail size-woocommerce_thumbnail\" alt=\"Valencianische Rotweine\" srcset=\"https:\/\/degrados.es\/wp-content\/uploads\/2021\/12\/vino-tinto-valenciano-gurgu-jove-trellat-460x460.webp 460w, https:\/\/degrados.es\/wp-content\/uploads\/2021\/12\/vino-tinto-valenciano-gurgu-jove-trellat-100x100.webp 100w, https:\/\/degrados.es\/wp-content\/uploads\/2021\/12\/vino-tinto-valenciano-gurgu-jove-trellat-300x300.webp 300w, https:\/\/degrados.es\/wp-content\/uploads\/2021\/12\/vino-tinto-valenciano-gurgu-jove-trellat-150x150.webp 150w, https:\/\/degrados.es\/wp-content\/uploads\/2021\/12\/vino-tinto-valenciano-gurgu-jove-trellat-768x768.webp 768w, https:\/\/degrados.es\/wp-content\/uploads\/2021\/12\/vino-tinto-valenciano-gurgu-jove-trellat-600x600.webp 600w, https:\/\/degrados.es\/wp-content\/uploads\/2021\/12\/vino-tinto-valenciano-gurgu-jove-trellat.webp 800w\" sizes=\"(max-width: 460px) 100vw, 460px\" \/><\/div>\n\t\t\t\t\t<div class=\"wc-block-grid__product-title\">Wein Alicante GURGU Jove de trellat<\/div>\n\t\t\t\t<\/a>\n\t\t\t\t<div class=\"wc-block-grid__product-price price\"><del aria-hidden=\"true\"><span class=\"woocommerce-Price-amount amount\">12,83<span class=\"woocommerce-Price-currencySymbol\">&euro;<\/span><\/span><\/del> <span class=\"screen-reader-text\">Urspr\u00fcnglicher Preis war: 12,83&euro;<\/span><ins aria-hidden=\"true\"><span class=\"woocommerce-Price-amount amount\">12,19<span class=\"woocommerce-Price-currencySymbol\">&euro;<\/span><\/span><\/ins><span class=\"screen-reader-text\">Aktueller Preis ist: 12,19&euro;.<\/span> <small class=\"woocommerce-price-suffix\">IVA Incluido<\/small><\/div>\n\t\t\t\t\n\t\t\t\t<div class=\"wp-block-button wc-block-grid__product-add-to-cart\"><a href=\"https:\/\/degrados.es\/de\/producto\/wein-alicante-gurgu-jove-de-trellat\/\" aria-label=\"Lese mehr \u00fcber &#8222;Wein Alicante GURGU Jove de trellat&#8220;\" data-quantity=\"1\" data-product_id=\"2782\" data-product_sku=\"D1G19\" data-price=\"12.19\" rel=\"nofollow\" class=\"wp-block-button__link  add_to_cart_button\">Weiterlesen<\/a><\/div>\n\t\t\t<\/li><li class=\"wc-block-grid__product\">\n\t\t\t\t<a href=\"https:\/\/degrados.es\/de\/producto\/alicante-wein-gurgu-seleccio-2015\/\" class=\"wc-block-grid__product-link\">\n\t\t\t\t\t<div class=\"wc-block-grid__product-onsale\">\n\t\t\t<span aria-hidden=\"true\">Angebot<\/span>\n\t\t\t<span class=\"screen-reader-text\">Produkt im Angebot<\/span>\n\t\t<\/div>\n\t\t\t\t\t<div class=\"wc-block-grid__product-image\"><img loading=\"lazy\" decoding=\"async\" width=\"460\" height=\"460\" src=\"https:\/\/degrados.es\/wp-content\/uploads\/2021\/12\/vino-tinto-gurgu-seleccio-460x460.webp\" class=\"attachment-woocommerce_thumbnail size-woocommerce_thumbnail\" alt=\"Alicante-Rotwein\" srcset=\"https:\/\/degrados.es\/wp-content\/uploads\/2021\/12\/vino-tinto-gurgu-seleccio-460x460.webp 460w, https:\/\/degrados.es\/wp-content\/uploads\/2021\/12\/vino-tinto-gurgu-seleccio-100x100.webp 100w, https:\/\/degrados.es\/wp-content\/uploads\/2021\/12\/vino-tinto-gurgu-seleccio-300x300.webp 300w, https:\/\/degrados.es\/wp-content\/uploads\/2021\/12\/vino-tinto-gurgu-seleccio-150x150.webp 150w, https:\/\/degrados.es\/wp-content\/uploads\/2021\/12\/vino-tinto-gurgu-seleccio-768x768.webp 768w, https:\/\/degrados.es\/wp-content\/uploads\/2021\/12\/vino-tinto-gurgu-seleccio-600x600.webp 600w, https:\/\/degrados.es\/wp-content\/uploads\/2021\/12\/vino-tinto-gurgu-seleccio.webp 800w\" sizes=\"(max-width: 460px) 100vw, 460px\" \/><\/div>\n\t\t\t\t\t<div class=\"wc-block-grid__product-title\">Alicante Wein GURGU Selecci\u00f3 2015<\/div>\n\t\t\t\t<\/a>\n\t\t\t\t<div class=\"wc-block-grid__product-price price\"><del aria-hidden=\"true\"><span class=\"woocommerce-Price-amount amount\">12,83<span class=\"woocommerce-Price-currencySymbol\">&euro;<\/span><\/span><\/del> <span class=\"screen-reader-text\">Urspr\u00fcnglicher Preis war: 12,83&euro;<\/span><ins aria-hidden=\"true\"><span class=\"woocommerce-Price-amount amount\">12,19<span class=\"woocommerce-Price-currencySymbol\">&euro;<\/span><\/span><\/ins><span class=\"screen-reader-text\">Aktueller Preis ist: 12,19&euro;.<\/span> <small class=\"woocommerce-price-suffix\">IVA Incluido<\/small><\/div>\n\t\t\t\t\n\t\t\t\t<div class=\"wp-block-button wc-block-grid__product-add-to-cart\"><a href=\"\/de\/wp-json\/wp\/v2\/posts\/7550?add-to-cart=2784\" aria-label=\"In den Warenkorb legen: \u201eAlicante Wein GURGU Selecci\u00f3 2015\u201c\" data-quantity=\"1\" data-product_id=\"2784\" data-product_sku=\"D1G18\" data-price=\"12.19\" rel=\"nofollow\" class=\"wp-block-button__link  add_to_cart_button ajax_add_to_cart\">In den Warenkorb<\/a><\/div>\n\t\t\t<\/li><li class=\"wc-block-grid__product\">\n\t\t\t\t<a href=\"https:\/\/degrados.es\/de\/producto\/bouquet-weisswein-antonio-llobell\/\" class=\"wc-block-grid__product-link\">\n\t\t\t\t\t<div class=\"wc-block-grid__product-onsale\">\n\t\t\t<span aria-hidden=\"true\">Angebot<\/span>\n\t\t\t<span class=\"screen-reader-text\">Produkt im Angebot<\/span>\n\t\t<\/div>\n\t\t\t\t\t<div class=\"wc-block-grid__product-image\"><img loading=\"lazy\" decoding=\"async\" width=\"460\" height=\"460\" src=\"https:\/\/degrados.es\/wp-content\/uploads\/2021\/04\/Vino-blanco-bouquet-460x460.webp\" class=\"attachment-woocommerce_thumbnail size-woocommerce_thumbnail\" alt=\"Valencianischer Wei\u00dfwein\" srcset=\"https:\/\/degrados.es\/wp-content\/uploads\/2021\/04\/Vino-blanco-bouquet-460x460.webp 460w, https:\/\/degrados.es\/wp-content\/uploads\/2021\/04\/Vino-blanco-bouquet-100x100.webp 100w, https:\/\/degrados.es\/wp-content\/uploads\/2021\/04\/Vino-blanco-bouquet-800x800.webp 800w, https:\/\/degrados.es\/wp-content\/uploads\/2021\/04\/Vino-blanco-bouquet-300x300.webp 300w, https:\/\/degrados.es\/wp-content\/uploads\/2021\/04\/Vino-blanco-bouquet-1024x1024.webp 1024w, https:\/\/degrados.es\/wp-content\/uploads\/2021\/04\/Vino-blanco-bouquet-150x150.webp 150w, https:\/\/degrados.es\/wp-content\/uploads\/2021\/04\/Vino-blanco-bouquet-768x768.webp 768w, https:\/\/degrados.es\/wp-content\/uploads\/2021\/04\/Vino-blanco-bouquet-600x600.webp 600w, https:\/\/degrados.es\/wp-content\/uploads\/2021\/04\/Vino-blanco-bouquet.webp 1200w\" sizes=\"(max-width: 460px) 100vw, 460px\" \/><\/div>\n\t\t\t\t\t<div class=\"wc-block-grid__product-title\">Bouquet Wei\u00dfwein &#8211; Antonio Llobell<\/div>\n\t\t\t\t<\/a>\n\t\t\t\t<div class=\"wc-block-grid__product-price price\"><del aria-hidden=\"true\"><span class=\"woocommerce-Price-amount amount\">6,02<span class=\"woocommerce-Price-currencySymbol\">&euro;<\/span><\/span><\/del> <span class=\"screen-reader-text\">Urspr\u00fcnglicher Preis war: 6,02&euro;<\/span><ins aria-hidden=\"true\"><span class=\"woocommerce-Price-amount amount\">5,72<span class=\"woocommerce-Price-currencySymbol\">&euro;<\/span><\/span><\/ins><span class=\"screen-reader-text\">Aktueller Preis ist: 5,72&euro;.<\/span> <small class=\"woocommerce-price-suffix\">IVA Incluido<\/small><\/div>\n\t\t\t\t\n\t\t\t\t<div class=\"wp-block-button wc-block-grid__product-add-to-cart\"><a href=\"\/de\/wp-json\/wp\/v2\/posts\/7550?add-to-cart=2785\" aria-label=\"In den Warenkorb legen: \u201eBouquet Wei\u00dfwein - Antonio Llobell\u201c\" data-quantity=\"1\" data-product_id=\"2785\" data-product_sku=\"D1G8\" data-price=\"5.72\" rel=\"nofollow\" class=\"wp-block-button__link  add_to_cart_button ajax_add_to_cart\">In den Warenkorb<\/a><\/div>\n\t\t\t<\/li><\/ul><\/div>\n<p>In beiden Regionen ist es den Weing\u00fctern gelungen, Tradition und Innovation miteinander zu verbinden und sowohl junge, frische Weine als auch gereifte Weine zu produzieren, die jahrelang in F\u00e4ssern reifen k\u00f6nnen.<\/p>\n\n<h2 class=\"wp-block-heading\">Valencianischer Cava: Der mediterrane Schaumwein<\/h2>\n\n<p>Obwohl Cava meist mit Katalonien in Verbindung gebracht wird, hat sich die Region <strong>Requena<\/strong> dank der idealen klimatischen und geografischen Bedingungen f\u00fcr die Herstellung dieses hochwertigen Schaumweins als einer der wichtigsten Cava-Produzenten Spaniens positioniert.<\/p>\n\n<p>Der <strong><a href=\"https:\/\/degrados.es\/cava-valenciano\/\" target=\"_blank\" rel=\"noreferrer noopener\">Valencianischer Cava<\/a><\/strong> ist ein Produkt, das die Kunst der traditionellen Methode widerspiegelt, bei der die Bl\u00e4schen durch eine zweite G\u00e4rung in der Flasche erzeugt werden. Die am h\u00e4ufigsten verwendeten Rebsorten f\u00fcr die Herstellung von Cava sind <strong>Macabeo<\/strong>, <strong>Xarel-lo<\/strong> und <strong>Parellada<\/strong>, aber auch andere Sorten wie <strong>Chardonnay<\/strong> und <strong>Pinot Noir<\/strong> werden in Valencia erforscht. <\/p>\n\n<p><strong>Brut nature<\/strong> oder <strong>extra brut<\/strong> <strong>Cavas<\/strong>, die sehr wenig Zucker enthalten, passen perfekt zu frischen Meeresfr\u00fcchten, Austern oder auch leichteren Gerichten wie Salaten. F\u00fcr diejenigen, die einen Hauch von S\u00fc\u00dfe bevorzugen, sind <strong>halbtrockene Cavas<\/strong> ideal zu Desserts oder Weichk\u00e4se. Au\u00dferdem hat sich Cava zu einem vielseitigen Getr\u00e4nk entwickelt, das nicht nur f\u00fcr Feierlichkeiten reserviert ist, sondern auch zu Aperitifs oder Mahlzeiten genossen wird.  <\/p>\n\n<h3 class=\"wp-block-heading\">Momente zum Genie\u00dfen von Cava<\/h3>\n\n<p>Cava ist ein Getr\u00e4nk, das zum Feiern einl\u00e4dt, aber er ist auch ein hervorragender Begleiter f\u00fcr allt\u00e4gliche Momente. In Valencia ist es \u00fcblich, ein Glas Cava w\u00e4hrend eines Aperitifs am Abend zu genie\u00dfen, begleitet von einigen lokalen Tapas. Die weichen Bl\u00e4schen, die Frische und der fruchtige Charakter des Cava machen ihn zu einer erfrischenden Option, um die mediterrane Hitze zu bek\u00e4mpfen.  <\/p>\n\n<p>Der Boom des <strong>Weintourismus<\/strong> in Valencia hat vielen Besuchern die M\u00f6glichkeit gegeben, den Reichtum des valencianischen Cavas aus erster Hand zu entdecken. Die Weing\u00fcter in Requena bieten Besichtigungen und Verkostungen an, bei denen Sie mehr \u00fcber die Weinherstellung erfahren und nat\u00fcrlich auch ein Glas Cava direkt vom Weingut probieren k\u00f6nnen. <\/p>\n\n<h3 class=\"wp-block-heading\"><strong>Die Renaissance des Wermuts<\/strong><\/h3>\n\n<p>Der <strong><a href=\"https:\/\/degrados.es\/de\/arten-von-spanischem-wermut\/\" target=\"_blank\" rel=\"noreferrer noopener\">Wermut<\/a><\/strong> hat in den letzten zehn Jahren in Spanien eine Renaissance erlebt, und Valencia bildet dabei keine Ausnahme. Dieses Getr\u00e4nk, das aus mit Kr\u00e4utern und Gew\u00fcrzen mazeriertem Wein hergestellt wird, hat sich von einem traditionellen Getr\u00e4nk zu einem modischen Trend in Bars und auf Terrassen entwickelt. <\/p>\n\n<p><strong>Valencianischer Wermut<\/strong> zeichnet sich durch die Verwendung von mediterranen Kr\u00e4utern wie Rosmarin, Thymian und Orangenschalen aus, die ihm einen frischen und aromatischen Charakter verleihen. Je nach Stil k\u00f6nnen die Wermutweine s\u00fc\u00dfer oder bitterer sein, wodurch sie sich an verschiedene Gaumen und Anl\u00e4sse anpassen lassen. Die h\u00e4ufigeren <strong>roten Wermutweine<\/strong> passen perfekt zu Oliven, Essiggurken oder Meeresfr\u00fcchten in Dosen, w\u00e4hrend die trockeneren <strong>wei\u00dfen Wermutweine<\/strong> eine ausgezeichnete Wahl f\u00fcr leichte Aperitifs sind.  <\/p>\n<div data-block-name=\"woocommerce\/product-category\" data-categories=\"[615]\" class=\"wc-block-grid wp-block-product-category wp-block-woocommerce-product-category wc-block-product-category has-3-columns has-multiple-rows\"><ul class=\"wc-block-grid__products\"><li class=\"wc-block-grid__product\">\n\t\t\t\t<a href=\"https:\/\/degrados.es\/de\/producto\/negroni\/\" class=\"wc-block-grid__product-link\">\n\t\t\t\t\t<div class=\"wc-block-grid__product-onsale\">\n\t\t\t<span aria-hidden=\"true\">Angebot<\/span>\n\t\t\t<span class=\"screen-reader-text\">Produkt im Angebot<\/span>\n\t\t<\/div>\n\t\t\t\t\t<div class=\"wc-block-grid__product-image\"><img loading=\"lazy\" decoding=\"async\" width=\"460\" height=\"460\" src=\"https:\/\/degrados.es\/wp-content\/uploads\/2021\/12\/Negroni-comprar-online-460x460.webp\" class=\"attachment-woocommerce_thumbnail size-woocommerce_thumbnail\" alt=\"Negroni\" srcset=\"https:\/\/degrados.es\/wp-content\/uploads\/2021\/12\/Negroni-comprar-online-460x460.webp 460w, https:\/\/degrados.es\/wp-content\/uploads\/2021\/12\/Negroni-comprar-online-100x100.webp 100w, https:\/\/degrados.es\/wp-content\/uploads\/2021\/12\/Negroni-comprar-online-150x150.webp 150w, https:\/\/degrados.es\/wp-content\/uploads\/2021\/12\/Negroni-comprar-online-300x300.webp 300w\" sizes=\"(max-width: 460px) 100vw, 460px\" \/><\/div>\n\t\t\t\t\t<div class=\"wc-block-grid__product-title\">Negroni<\/div>\n\t\t\t\t<\/a>\n\t\t\t\t<div class=\"wc-block-grid__product-price price\"><del aria-hidden=\"true\"><span class=\"woocommerce-Price-amount amount\">25,63<span class=\"woocommerce-Price-currencySymbol\">&euro;<\/span><\/span><\/del> <span class=\"screen-reader-text\">Urspr\u00fcnglicher Preis war: 25,63&euro;<\/span><ins aria-hidden=\"true\"><span class=\"woocommerce-Price-amount amount\">24,35<span class=\"woocommerce-Price-currencySymbol\">&euro;<\/span><\/span><\/ins><span class=\"screen-reader-text\">Aktueller Preis ist: 24,35&euro;.<\/span> <small class=\"woocommerce-price-suffix\">IVA Incluido<\/small><\/div>\n\t\t\t\t\n\t\t\t\t<div class=\"wp-block-button wc-block-grid__product-add-to-cart\"><a href=\"\/de\/wp-json\/wp\/v2\/posts\/7550?add-to-cart=2792\" aria-label=\"In den Warenkorb legen: \u201eNegroni\u201c\" data-quantity=\"1\" data-product_id=\"2792\" data-product_sku=\"D1G17\" data-price=\"24.35\" rel=\"nofollow\" class=\"wp-block-button__link  add_to_cart_button ajax_add_to_cart\">In den Warenkorb<\/a><\/div>\n\t\t\t<\/li><li class=\"wc-block-grid__product\">\n\t\t\t\t<a href=\"https:\/\/degrados.es\/de\/producto\/wermut-jarabe-de-palo-weisser-wermut\/\" class=\"wc-block-grid__product-link\">\n\t\t\t\t\t<div class=\"wc-block-grid__product-onsale\">\n\t\t\t<span aria-hidden=\"true\">Angebot<\/span>\n\t\t\t<span class=\"screen-reader-text\">Produkt im Angebot<\/span>\n\t\t<\/div>\n\t\t\t\t\t<div class=\"wc-block-grid__product-image\"><img loading=\"lazy\" decoding=\"async\" width=\"460\" height=\"460\" src=\"https:\/\/degrados.es\/wp-content\/uploads\/2021\/05\/33-460x460.webp\" class=\"attachment-woocommerce_thumbnail size-woocommerce_thumbnail\" alt=\"Vermouth blanco Jarabe de Palo\" srcset=\"https:\/\/degrados.es\/wp-content\/uploads\/2021\/05\/33-460x460.webp 460w, https:\/\/degrados.es\/wp-content\/uploads\/2021\/05\/33-100x100.webp 100w, https:\/\/degrados.es\/wp-content\/uploads\/2021\/05\/33-800x800.webp 800w, https:\/\/degrados.es\/wp-content\/uploads\/2021\/05\/33-300x300.webp 300w, https:\/\/degrados.es\/wp-content\/uploads\/2021\/05\/33-150x150.webp 150w, https:\/\/degrados.es\/wp-content\/uploads\/2021\/05\/33-768x768.webp 768w, https:\/\/degrados.es\/wp-content\/uploads\/2021\/05\/33-64x64.webp 64w, https:\/\/degrados.es\/wp-content\/uploads\/2021\/05\/33.webp 1000w\" sizes=\"(max-width: 460px) 100vw, 460px\" \/><\/div>\n\t\t\t\t\t<div class=\"wc-block-grid__product-title\">Wermut Jarabe de Palo &#8211; Wei\u00dfer Wermut<\/div>\n\t\t\t\t<\/a>\n\t\t\t\t<div class=\"wc-block-grid__product-price price\"><del aria-hidden=\"true\"><span class=\"woocommerce-Price-amount amount\">12,95<span class=\"woocommerce-Price-currencySymbol\">&euro;<\/span><\/span><\/del> <span class=\"screen-reader-text\">Urspr\u00fcnglicher Preis war: 12,95&euro;<\/span><ins aria-hidden=\"true\"><span class=\"woocommerce-Price-amount amount\">12,30<span class=\"woocommerce-Price-currencySymbol\">&euro;<\/span><\/span><\/ins><span class=\"screen-reader-text\">Aktueller Preis ist: 12,30&euro;.<\/span> <small class=\"woocommerce-price-suffix\">IVA Incluido<\/small><\/div>\n\t\t\t\t<div class=\"wc-block-grid__product-rating\"><div class=\"star-rating\" role=\"img\" aria-label=\"Bewertet mit 5.00 von 5\"><span style=\"width:100%\">Bewertet mit <strong class=\"rating\">5.00<\/strong> von 5, basierend auf <span class=\"rating\">1<\/span> Kundenbewertung<\/span><\/div><\/div>\n\t\t\t\t<div class=\"wp-block-button wc-block-grid__product-add-to-cart\"><a href=\"\/de\/wp-json\/wp\/v2\/posts\/7550?add-to-cart=2799\" aria-label=\"In den Warenkorb legen: \u201eWermut Jarabe de Palo - Wei\u00dfer Wermut\u201c\" data-quantity=\"1\" data-product_id=\"2799\" data-product_sku=\"D1G5\" data-price=\"12.3\" rel=\"nofollow\" class=\"wp-block-button__link  add_to_cart_button ajax_add_to_cart\">In den Warenkorb<\/a><\/div>\n\t\t\t<\/li><li class=\"wc-block-grid__product\">\n\t\t\t\t<a href=\"https:\/\/degrados.es\/de\/producto\/wermut-jarabe-de-palo-roter-wermut\/\" class=\"wc-block-grid__product-link\">\n\t\t\t\t\t<div class=\"wc-block-grid__product-onsale\">\n\t\t\t<span aria-hidden=\"true\">Angebot<\/span>\n\t\t\t<span class=\"screen-reader-text\">Produkt im Angebot<\/span>\n\t\t<\/div>\n\t\t\t\t\t<div class=\"wc-block-grid__product-image\"><img loading=\"lazy\" decoding=\"async\" width=\"398\" height=\"425\" src=\"https:\/\/degrados.es\/wp-content\/uploads\/2021\/04\/vermut-jarabe-de-palo-rojo.jpg\" class=\"attachment-woocommerce_thumbnail size-woocommerce_thumbnail\" alt=\"Jarabe de Palo Wermut\" srcset=\"https:\/\/degrados.es\/wp-content\/uploads\/2021\/04\/vermut-jarabe-de-palo-rojo.jpg 398w, https:\/\/degrados.es\/wp-content\/uploads\/2021\/04\/vermut-jarabe-de-palo-rojo-281x300.jpg 281w\" sizes=\"(max-width: 398px) 100vw, 398px\" \/><\/div>\n\t\t\t\t\t<div class=\"wc-block-grid__product-title\">Wermut Jarabe de Palo &#8211; Roter Wermut<\/div>\n\t\t\t\t<\/a>\n\t\t\t\t<div class=\"wc-block-grid__product-price price\"><del aria-hidden=\"true\"><span class=\"woocommerce-Price-amount amount\">12,95<span class=\"woocommerce-Price-currencySymbol\">&euro;<\/span><\/span><\/del> <span class=\"screen-reader-text\">Urspr\u00fcnglicher Preis war: 12,95&euro;<\/span><ins aria-hidden=\"true\"><span class=\"woocommerce-Price-amount amount\">12,30<span class=\"woocommerce-Price-currencySymbol\">&euro;<\/span><\/span><\/ins><span class=\"screen-reader-text\">Aktueller Preis ist: 12,30&euro;.<\/span> <small class=\"woocommerce-price-suffix\">IVA Incluido<\/small><\/div>\n\t\t\t\t\n\t\t\t\t<div class=\"wp-block-button wc-block-grid__product-add-to-cart\"><a href=\"\/de\/wp-json\/wp\/v2\/posts\/7550?add-to-cart=2791\" aria-label=\"In den Warenkorb legen: \u201eWermut Jarabe de Palo - Roter Wermut\u201c\" data-quantity=\"1\" data-product_id=\"2791\" data-product_sku=\"D1G9\" data-price=\"12.3\" rel=\"nofollow\" class=\"wp-block-button__link  add_to_cart_button ajax_add_to_cart\">In den Warenkorb<\/a><\/div>\n\t\t\t<\/li><\/ul><\/div>\n<h4 class=\"wp-block-heading\">Wie genie\u00dft man Wermut?<\/h4>\n\n<p>In Valencia ist es \u00fcblich, am Wochenende einen Wermut zu genie\u00dfen, begleitet von Tapas. Zum <strong>Wermut-Ritual<\/strong> geh\u00f6rt nicht nur das Getr\u00e4nk selbst, sondern auch die Atmosph\u00e4re: sonnige Terrassen, gute Gesellschaft und eine Platte mit K\u00e4se, Wurstwaren und Essiggurken dazu. Die Vielseitigkeit von Wermut bedeutet, dass er pur, auf Eis oder sogar als Basis f\u00fcr Cocktails getrunken werden kann, was ihn zu einer idealen Wahl f\u00fcr jede Gelegenheit macht.  <\/p>\n\n<p>F\u00fcr Wermut-Liebhaber ist die Erkundung des valencianischen Angebots ein geschmackliches Abenteuer, das Vergangenheit und Gegenwart miteinander verbindet, da viele Bodegas jahrhundertealte Rezepte wieder aufleben lassen und sie dem heutigen Geschmack anpassen.<\/p>\n\n<h3 class=\"wp-block-heading\"><strong>Mistelas: S\u00fc\u00dfe und Tradition in einem Glas<\/strong><\/h3>\n\n<p>Wenn es ein Getr\u00e4nk gibt, das die Tradition in Valencia symbolisiert, dann ist es die <strong>Mistela<\/strong>. Dieser s\u00fc\u00dfe Lik\u00f6r, der aus Traubenmost und Alkohol hergestellt wird, ist seit Jahrhunderten Teil der valencianischen Kultur. Mistela wird haupts\u00e4chlich in den Regionen Valencia und Alicante aus Muskateller- und Malvasia-Trauben hergestellt.  <\/p>\n\n<p><a href=\"https:\/\/degrados.es\/mistela-que-saber-donde-comprar\/\" target=\"_blank\" rel=\"noreferrer noopener\">Mistela<\/a> ist f\u00fcr seine S\u00fc\u00dfe und seinen fruchtigen Charakter bekannt, mit Noten, die an Sultaninen, Feigen und Honig erinnern. Er ist ein idealer Lik\u00f6r als Aperitif oder als Begleitung zu Desserts, insbesondere zu solchen auf Frucht- oder Schokoladenbasis. <\/p>\n\n<h4 class=\"wp-block-heading\">Mistela heute<\/h4>\n\n<p>Obwohl es sich um ein traditionelles Getr\u00e4nk handelt, hat die Mistela ihren Platz in der modernen Szene gefunden. In Valencia ist es \u00fcblich, ein Glas Mistela bei Familienfeiern oder nach dem Essen bei festlichen Mahlzeiten zu trinken. Sein s\u00fc\u00dfes Profil macht ihn zu einer perfekten Wahl f\u00fcr Momente der Entspannung und Unterhaltung.  <\/p>\n<div data-block-name=\"woocommerce\/product-category\" data-categories=\"[555]\" class=\"wc-block-grid wp-block-product-category wp-block-woocommerce-product-category wc-block-product-category has-3-columns has-multiple-rows\"><ul class=\"wc-block-grid__products\"><li class=\"wc-block-grid__product\">\n\t\t\t\t<a href=\"https:\/\/degrados.es\/de\/producto\/traditionelle-likoere-mesclaet-100cl\/\" class=\"wc-block-grid__product-link\">\n\t\t\t\t\t<div class=\"wc-block-grid__product-onsale\">\n\t\t\t<span aria-hidden=\"true\">Angebot<\/span>\n\t\t\t<span class=\"screen-reader-text\">Produkt im Angebot<\/span>\n\t\t<\/div>\n\t\t\t\t\t<div class=\"wc-block-grid__product-image\"><img loading=\"lazy\" decoding=\"async\" width=\"460\" height=\"460\" src=\"https:\/\/degrados.es\/wp-content\/uploads\/2022\/02\/Licor-de-Cantueso-1-460x460.webp\" class=\"attachment-woocommerce_thumbnail size-woocommerce_thumbnail\" alt=\"Licor de hierbas Cantueso\" srcset=\"https:\/\/degrados.es\/wp-content\/uploads\/2022\/02\/Licor-de-Cantueso-1-460x460.webp 460w, https:\/\/degrados.es\/wp-content\/uploads\/2022\/02\/Licor-de-Cantueso-1-100x100.webp 100w, https:\/\/degrados.es\/wp-content\/uploads\/2022\/02\/Licor-de-Cantueso-1-800x800.webp 800w, https:\/\/degrados.es\/wp-content\/uploads\/2022\/02\/Licor-de-Cantueso-1-300x300.webp 300w, https:\/\/degrados.es\/wp-content\/uploads\/2022\/02\/Licor-de-Cantueso-1-150x150.webp 150w, https:\/\/degrados.es\/wp-content\/uploads\/2022\/02\/Licor-de-Cantueso-1-768x768.webp 768w, https:\/\/degrados.es\/wp-content\/uploads\/2022\/02\/Licor-de-Cantueso-1-64x64.webp 64w, https:\/\/degrados.es\/wp-content\/uploads\/2022\/02\/Licor-de-Cantueso-1.webp 1000w\" sizes=\"(max-width: 460px) 100vw, 460px\" \/><\/div>\n\t\t\t\t\t<div class=\"wc-block-grid__product-title\">Traditionelle Lik\u00f6re Mesclaet 100cl.<\/div>\n\t\t\t\t<\/a>\n\t\t\t\t<div class=\"wc-block-grid__product-price price\"><del aria-hidden=\"true\"><span class=\"woocommerce-Price-amount amount\">13,97<span class=\"woocommerce-Price-currencySymbol\">&euro;<\/span><\/span><\/del> <span class=\"screen-reader-text\">Urspr\u00fcnglicher Preis war: 13,97&euro;<\/span><ins aria-hidden=\"true\"><span class=\"woocommerce-Price-amount amount\">13,27<span class=\"woocommerce-Price-currencySymbol\">&euro;<\/span><\/span><\/ins><span class=\"screen-reader-text\">Aktueller Preis ist: 13,27&euro;.<\/span> <small class=\"woocommerce-price-suffix\">IVA Incluido<\/small><\/div>\n\t\t\t\t\n\t\t\t\t<div class=\"wp-block-button wc-block-grid__product-add-to-cart\"><a href=\"\/de\/wp-json\/wp\/v2\/posts\/7550?add-to-cart=2759\" aria-label=\"In den Warenkorb legen: \u201eTraditionelle Lik\u00f6re Mesclaet 100cl.\u201c\" data-quantity=\"1\" data-product_id=\"2759\" data-product_sku=\"D1G46\" data-price=\"13.27\" rel=\"nofollow\" class=\"wp-block-button__link  add_to_cart_button ajax_add_to_cart\">In den Warenkorb<\/a><\/div>\n\t\t\t<\/li><li class=\"wc-block-grid__product\">\n\t\t\t\t<a href=\"https:\/\/degrados.es\/de\/producto\/traditioneller-salbei-likoer-100cl\/\" class=\"wc-block-grid__product-link\">\n\t\t\t\t\t<div class=\"wc-block-grid__product-onsale\">\n\t\t\t<span aria-hidden=\"true\">Angebot<\/span>\n\t\t\t<span class=\"screen-reader-text\">Produkt im Angebot<\/span>\n\t\t<\/div>\n\t\t\t\t\t<div class=\"wc-block-grid__product-image\"><img loading=\"lazy\" decoding=\"async\" width=\"430\" height=\"430\" src=\"https:\/\/degrados.es\/wp-content\/uploads\/2022\/02\/Licor-de-salvia.webp\" class=\"attachment-woocommerce_thumbnail size-woocommerce_thumbnail\" alt=\"Salbei-Lik\u00f6r kaufen\" srcset=\"https:\/\/degrados.es\/wp-content\/uploads\/2022\/02\/Licor-de-salvia.webp 430w, https:\/\/degrados.es\/wp-content\/uploads\/2022\/02\/Licor-de-salvia-100x100.webp 100w, https:\/\/degrados.es\/wp-content\/uploads\/2022\/02\/Licor-de-salvia-300x300.webp 300w, https:\/\/degrados.es\/wp-content\/uploads\/2022\/02\/Licor-de-salvia-150x150.webp 150w\" sizes=\"(max-width: 430px) 100vw, 430px\" \/><\/div>\n\t\t\t\t\t<div class=\"wc-block-grid__product-title\">Traditioneller Salbei-Lik\u00f6r 100cl.<\/div>\n\t\t\t\t<\/a>\n\t\t\t\t<div class=\"wc-block-grid__product-price price\"><del aria-hidden=\"true\"><span class=\"woocommerce-Price-amount amount\">10,75<span class=\"woocommerce-Price-currencySymbol\">&euro;<\/span><\/span><\/del> <span class=\"screen-reader-text\">Urspr\u00fcnglicher Preis war: 10,75&euro;<\/span><ins aria-hidden=\"true\"><span class=\"woocommerce-Price-amount amount\">10,21<span class=\"woocommerce-Price-currencySymbol\">&euro;<\/span><\/span><\/ins><span class=\"screen-reader-text\">Aktueller Preis ist: 10,21&euro;.<\/span> <small class=\"woocommerce-price-suffix\">IVA Incluido<\/small><\/div>\n\t\t\t\t\n\t\t\t\t<div class=\"wp-block-button wc-block-grid__product-add-to-cart\"><a href=\"\/de\/wp-json\/wp\/v2\/posts\/7550?add-to-cart=2748\" aria-label=\"In den Warenkorb legen: \u201eTraditioneller Salbei-Lik\u00f6r 100cl.\u201c\" data-quantity=\"1\" data-product_id=\"2748\" data-product_sku=\"D1G43\" data-price=\"10.21\" rel=\"nofollow\" class=\"wp-block-button__link  add_to_cart_button ajax_add_to_cart\">In den Warenkorb<\/a><\/div>\n\t\t\t<\/li><li class=\"wc-block-grid__product\">\n\t\t\t\t<a href=\"https:\/\/degrados.es\/de\/producto\/herbero-de-la-sierra-de-mariola\/\" class=\"wc-block-grid__product-link\">\n\t\t\t\t\t<div class=\"wc-block-grid__product-onsale\">\n\t\t\t<span aria-hidden=\"true\">Angebot<\/span>\n\t\t\t<span class=\"screen-reader-text\">Produkt im Angebot<\/span>\n\t\t<\/div>\n\t\t\t\t\t<div class=\"wc-block-grid__product-image\"><img loading=\"lazy\" decoding=\"async\" width=\"430\" height=\"430\" src=\"https:\/\/degrados.es\/wp-content\/uploads\/2022\/02\/Comprar-herbero.webp\" class=\"attachment-woocommerce_thumbnail size-woocommerce_thumbnail\" alt=\"Herbero online kaufen\" srcset=\"https:\/\/degrados.es\/wp-content\/uploads\/2022\/02\/Comprar-herbero.webp 430w, https:\/\/degrados.es\/wp-content\/uploads\/2022\/02\/Comprar-herbero-100x100.webp 100w, https:\/\/degrados.es\/wp-content\/uploads\/2022\/02\/Comprar-herbero-300x300.webp 300w, https:\/\/degrados.es\/wp-content\/uploads\/2022\/02\/Comprar-herbero-150x150.webp 150w\" sizes=\"(max-width: 430px) 100vw, 430px\" \/><\/div>\n\t\t\t\t\t<div class=\"wc-block-grid__product-title\">Herbero de la Sierra de Mariola<\/div>\n\t\t\t\t<\/a>\n\t\t\t\t<div class=\"wc-block-grid__product-price price\"><del aria-hidden=\"true\"><span class=\"woocommerce-Price-amount amount\">11,50<span class=\"woocommerce-Price-currencySymbol\">&euro;<\/span><\/span><\/del> <span class=\"screen-reader-text\">Urspr\u00fcnglicher Preis war: 11,50&euro;<\/span><ins aria-hidden=\"true\"><span class=\"woocommerce-Price-amount amount\">10,92<span class=\"woocommerce-Price-currencySymbol\">&euro;<\/span><\/span><\/ins><span class=\"screen-reader-text\">Aktueller Preis ist: 10,92&euro;.<\/span> <small class=\"woocommerce-price-suffix\">IVA Incluido<\/small><\/div>\n\t\t\t\t\n\t\t\t\t<div class=\"wp-block-button wc-block-grid__product-add-to-cart\"><a href=\"\/de\/wp-json\/wp\/v2\/posts\/7550?add-to-cart=2761\" aria-label=\"In den Warenkorb legen: \u201eHerbero de la Sierra de Mariola\u201c\" data-quantity=\"1\" data-product_id=\"2761\" data-product_sku=\"D1G41\" data-price=\"10.92\" rel=\"nofollow\" class=\"wp-block-button__link  add_to_cart_button ajax_add_to_cart\">In den Warenkorb<\/a><\/div>\n\t\t\t<\/li><li class=\"wc-block-grid__product\">\n\t\t\t\t<a href=\"https:\/\/degrados.es\/de\/producto\/herbero-la-cava\/\" class=\"wc-block-grid__product-link\">\n\t\t\t\t\t<div class=\"wc-block-grid__product-onsale\">\n\t\t\t<span aria-hidden=\"true\">Angebot<\/span>\n\t\t\t<span class=\"screen-reader-text\">Produkt im Angebot<\/span>\n\t\t<\/div>\n\t\t\t\t\t<div class=\"wc-block-grid__product-image\"><img loading=\"lazy\" decoding=\"async\" width=\"287\" height=\"300\" src=\"https:\/\/degrados.es\/wp-content\/uploads\/2022\/02\/Herbero-mariola-287x300.webp\" class=\"attachment-woocommerce_thumbnail size-woocommerce_thumbnail\" alt=\"Herbero La Cava\" \/><\/div>\n\t\t\t\t\t<div class=\"wc-block-grid__product-title\">Herbero La Cava<\/div>\n\t\t\t\t<\/a>\n\t\t\t\t<div class=\"wc-block-grid__product-price price\"><del aria-hidden=\"true\"><span class=\"woocommerce-Price-amount amount\">10,97<span class=\"woocommerce-Price-currencySymbol\">&euro;<\/span><\/span><\/del> <span class=\"screen-reader-text\">Urspr\u00fcnglicher Preis war: 10,97&euro;<\/span><ins aria-hidden=\"true\"><span class=\"woocommerce-Price-amount amount\">10,42<span class=\"woocommerce-Price-currencySymbol\">&euro;<\/span><\/span><\/ins><span class=\"screen-reader-text\">Aktueller Preis ist: 10,42&euro;.<\/span> <small class=\"woocommerce-price-suffix\">IVA Incluido<\/small><\/div>\n\t\t\t\t\n\t\t\t\t<div class=\"wp-block-button wc-block-grid__product-add-to-cart\"><a href=\"\/de\/wp-json\/wp\/v2\/posts\/7550?add-to-cart=2736\" aria-label=\"In den Warenkorb legen: \u201eHerbero La Cava\u201c\" data-quantity=\"1\" data-product_id=\"2736\" data-product_sku=\"D1G39\" data-price=\"10.42\" rel=\"nofollow\" class=\"wp-block-button__link  add_to_cart_button ajax_add_to_cart\">In den Warenkorb<\/a><\/div>\n\t\t\t<\/li><li class=\"wc-block-grid__product\">\n\t\t\t\t<a href=\"https:\/\/degrados.es\/de\/producto\/mistela-de-teulda-cap-dor-antonio-llobell\/\" class=\"wc-block-grid__product-link\">\n\t\t\t\t\t<div class=\"wc-block-grid__product-onsale\">\n\t\t\t<span aria-hidden=\"true\">Angebot<\/span>\n\t\t\t<span class=\"screen-reader-text\">Produkt im Angebot<\/span>\n\t\t<\/div>\n\t\t\t\t\t<div class=\"wc-block-grid__product-image\"><img loading=\"lazy\" decoding=\"async\" width=\"460\" height=\"460\" src=\"https:\/\/degrados.es\/wp-content\/uploads\/2021\/05\/mistela-teulada-antonio-llobell-cap-or-460x460.jpg\" class=\"attachment-woocommerce_thumbnail size-woocommerce_thumbnail\" alt=\"Mistela Cap d&#039;or Teulada\" srcset=\"https:\/\/degrados.es\/wp-content\/uploads\/2021\/05\/mistela-teulada-antonio-llobell-cap-or-460x460.jpg 460w, https:\/\/degrados.es\/wp-content\/uploads\/2021\/05\/mistela-teulada-antonio-llobell-cap-or-100x100.jpg 100w, https:\/\/degrados.es\/wp-content\/uploads\/2021\/05\/mistela-teulada-antonio-llobell-cap-or-150x150.jpg 150w, https:\/\/degrados.es\/wp-content\/uploads\/2021\/05\/mistela-teulada-antonio-llobell-cap-or-512x512.jpg 512w, https:\/\/degrados.es\/wp-content\/uploads\/2021\/05\/mistela-teulada-antonio-llobell-cap-or-420x420.jpg 420w, https:\/\/degrados.es\/wp-content\/uploads\/2021\/05\/mistela-teulada-antonio-llobell-cap-or-75x75.jpg 75w, https:\/\/degrados.es\/wp-content\/uploads\/2021\/05\/mistela-teulada-antonio-llobell-cap-or-300x300.jpg 300w\" sizes=\"(max-width: 460px) 100vw, 460px\" \/><\/div>\n\t\t\t\t\t<div class=\"wc-block-grid__product-title\">Mistela de Teulda &#8211; Cap d&#8217;Or Antonio Llobell<\/div>\n\t\t\t\t<\/a>\n\t\t\t\t<div class=\"wc-block-grid__product-price price\"><del aria-hidden=\"true\"><span class=\"woocommerce-Price-amount amount\">12,28<span class=\"woocommerce-Price-currencySymbol\">&euro;<\/span><\/span><\/del> <span class=\"screen-reader-text\">Urspr\u00fcnglicher Preis war: 12,28&euro;<\/span><ins aria-hidden=\"true\"><span class=\"woocommerce-Price-amount amount\">11,67<span class=\"woocommerce-Price-currencySymbol\">&euro;<\/span><\/span><\/ins><span class=\"screen-reader-text\">Aktueller Preis ist: 11,67&euro;.<\/span> <small class=\"woocommerce-price-suffix\">IVA Incluido<\/small><\/div>\n\t\t\t\t\n\t\t\t\t<div class=\"wp-block-button wc-block-grid__product-add-to-cart\"><a href=\"https:\/\/degrados.es\/de\/producto\/mistela-de-teulda-cap-dor-antonio-llobell\/\" aria-label=\"Lese mehr \u00fcber &#8222;Mistela de Teulda - Cap d&#039;Or Antonio Llobell&#8220;\" data-quantity=\"1\" data-product_id=\"2779\" data-product_sku=\"D1G2\" data-price=\"11.67\" rel=\"nofollow\" class=\"wp-block-button__link  add_to_cart_button\">Weiterlesen<\/a><\/div>\n\t\t\t<\/li><li class=\"wc-block-grid__product\">\n\t\t\t\t<a href=\"https:\/\/degrados.es\/de\/producto\/moscatel-mistela-cims-del-mediterrani-75-cl\/\" class=\"wc-block-grid__product-link\">\n\t\t\t\t\t<div class=\"wc-block-grid__product-onsale\">\n\t\t\t<span aria-hidden=\"true\">Angebot<\/span>\n\t\t\t<span class=\"screen-reader-text\">Produkt im Angebot<\/span>\n\t\t<\/div>\n\t\t\t\t\t<div class=\"wc-block-grid__product-image\"><img loading=\"lazy\" decoding=\"async\" width=\"460\" height=\"460\" src=\"https:\/\/degrados.es\/wp-content\/uploads\/2021\/05\/mistela-moscatel-teulada-cims-460x460.jpg\" class=\"attachment-woocommerce_thumbnail size-woocommerce_thumbnail\" alt=\"Teulada Muskateller Mistela\" srcset=\"https:\/\/degrados.es\/wp-content\/uploads\/2021\/05\/mistela-moscatel-teulada-cims-460x460.jpg 460w, https:\/\/degrados.es\/wp-content\/uploads\/2021\/05\/mistela-moscatel-teulada-cims-100x100.jpg 100w, https:\/\/degrados.es\/wp-content\/uploads\/2021\/05\/mistela-moscatel-teulada-cims-300x300.jpg 300w, https:\/\/degrados.es\/wp-content\/uploads\/2021\/05\/mistela-moscatel-teulada-cims-150x150.jpg 150w, https:\/\/degrados.es\/wp-content\/uploads\/2021\/05\/mistela-moscatel-teulada-cims-512x512.jpg 512w, https:\/\/degrados.es\/wp-content\/uploads\/2021\/05\/mistela-moscatel-teulada-cims-420x420.jpg 420w, https:\/\/degrados.es\/wp-content\/uploads\/2021\/05\/mistela-moscatel-teulada-cims-75x75.jpg 75w, https:\/\/degrados.es\/wp-content\/uploads\/2021\/05\/mistela-moscatel-teulada-cims-600x600.jpg 600w, https:\/\/degrados.es\/wp-content\/uploads\/2021\/05\/mistela-moscatel-teulada-cims.jpg 688w\" sizes=\"(max-width: 460px) 100vw, 460px\" \/><\/div>\n\t\t\t\t\t<div class=\"wc-block-grid__product-title\">Moscatel Mistela &#8211; Cims del Mediterrani 75 cl<\/div>\n\t\t\t\t<\/a>\n\t\t\t\t<div class=\"wc-block-grid__product-price price\"><del aria-hidden=\"true\"><span class=\"woocommerce-Price-amount amount\">6,89<span class=\"woocommerce-Price-currencySymbol\">&euro;<\/span><\/span><\/del> <span class=\"screen-reader-text\">Urspr\u00fcnglicher Preis war: 6,89&euro;<\/span><ins aria-hidden=\"true\"><span class=\"woocommerce-Price-amount amount\">6,55<span class=\"woocommerce-Price-currencySymbol\">&euro;<\/span><\/span><\/ins><span class=\"screen-reader-text\">Aktueller Preis ist: 6,55&euro;.<\/span> <small class=\"woocommerce-price-suffix\">IVA Incluido<\/small><\/div>\n\t\t\t\t\n\t\t\t\t<div class=\"wp-block-button wc-block-grid__product-add-to-cart\"><a href=\"\/de\/wp-json\/wp\/v2\/posts\/7550?add-to-cart=2787\" aria-label=\"In den Warenkorb legen: \u201eMoscatel Mistela - Cims del Mediterrani 75 cl\u201c\" data-quantity=\"1\" data-product_id=\"2787\" data-product_sku=\"D1G3\" data-price=\"6.55\" rel=\"nofollow\" class=\"wp-block-button__link  add_to_cart_button ajax_add_to_cart\">In den Warenkorb<\/a><\/div>\n\t\t\t<\/li><li class=\"wc-block-grid__product\">\n\t\t\t\t<a href=\"https:\/\/degrados.es\/de\/producto\/mistela-jarabe-de-palo-mistela-de-alicante-75-cl\/\" class=\"wc-block-grid__product-link\">\n\t\t\t\t\t<div class=\"wc-block-grid__product-onsale\">\n\t\t\t<span aria-hidden=\"true\">Angebot<\/span>\n\t\t\t<span class=\"screen-reader-text\">Produkt im Angebot<\/span>\n\t\t<\/div>\n\t\t\t\t\t<div class=\"wc-block-grid__product-image\"><img loading=\"lazy\" decoding=\"async\" width=\"460\" height=\"460\" src=\"https:\/\/degrados.es\/wp-content\/uploads\/2021\/05\/mistela-jarabe-de-palo-75cl-460x460.jpg\" class=\"attachment-woocommerce_thumbnail size-woocommerce_thumbnail\" alt=\"Mistela Jarabe de Palo Alicante\" srcset=\"https:\/\/degrados.es\/wp-content\/uploads\/2021\/05\/mistela-jarabe-de-palo-75cl-460x460.jpg 460w, https:\/\/degrados.es\/wp-content\/uploads\/2021\/05\/mistela-jarabe-de-palo-75cl-100x100.jpg 100w, https:\/\/degrados.es\/wp-content\/uploads\/2021\/05\/mistela-jarabe-de-palo-75cl-150x150.jpg 150w, https:\/\/degrados.es\/wp-content\/uploads\/2021\/05\/mistela-jarabe-de-palo-75cl-512x512.jpg 512w, https:\/\/degrados.es\/wp-content\/uploads\/2021\/05\/mistela-jarabe-de-palo-75cl-420x420.jpg 420w, https:\/\/degrados.es\/wp-content\/uploads\/2021\/05\/mistela-jarabe-de-palo-75cl-75x75.jpg 75w, https:\/\/degrados.es\/wp-content\/uploads\/2021\/05\/mistela-jarabe-de-palo-75cl-300x300.jpg 300w\" sizes=\"(max-width: 460px) 100vw, 460px\" \/><\/div>\n\t\t\t\t\t<div class=\"wc-block-grid__product-title\">Mistela Jarabe de Palo &#8211; Mistela de Alicante 75 cl<\/div>\n\t\t\t\t<\/a>\n\t\t\t\t<div class=\"wc-block-grid__product-price price\"><del aria-hidden=\"true\"><span class=\"woocommerce-Price-amount amount\">12,95<span class=\"woocommerce-Price-currencySymbol\">&euro;<\/span><\/span><\/del> <span class=\"screen-reader-text\">Urspr\u00fcnglicher Preis war: 12,95&euro;<\/span><ins aria-hidden=\"true\"><span class=\"woocommerce-Price-amount amount\">12,30<span class=\"woocommerce-Price-currencySymbol\">&euro;<\/span><\/span><\/ins><span class=\"screen-reader-text\">Aktueller Preis ist: 12,30&euro;.<\/span> <small class=\"woocommerce-price-suffix\">IVA Incluido<\/small><\/div>\n\t\t\t\t<div class=\"wc-block-grid__product-rating\"><div class=\"star-rating\" role=\"img\" aria-label=\"Bewertet mit 5.00 von 5\"><span style=\"width:100%\">Bewertet mit <strong class=\"rating\">5.00<\/strong> von 5, basierend auf <span class=\"rating\">1<\/span> Kundenbewertung<\/span><\/div><\/div>\n\t\t\t\t<div class=\"wp-block-button wc-block-grid__product-add-to-cart\"><a href=\"\/de\/wp-json\/wp\/v2\/posts\/7550?add-to-cart=2794\" aria-label=\"In den Warenkorb legen: \u201eMistela Jarabe de Palo - Mistela de Alicante 75 cl\u201c\" data-quantity=\"1\" data-product_id=\"2794\" data-product_sku=\"D1G4\" data-price=\"12.3\" rel=\"nofollow\" class=\"wp-block-button__link  add_to_cart_button ajax_add_to_cart\">In den Warenkorb<\/a><\/div>\n\t\t\t<\/li><li class=\"wc-block-grid__product\">\n\t\t\t\t<a href=\"https:\/\/degrados.es\/de\/producto\/herbero-dulce-bocairent\/\" class=\"wc-block-grid__product-link\">\n\t\t\t\t\t<div class=\"wc-block-grid__product-onsale\">\n\t\t\t<span aria-hidden=\"true\">Angebot<\/span>\n\t\t\t<span class=\"screen-reader-text\">Produkt im Angebot<\/span>\n\t\t<\/div>\n\t\t\t\t\t<div class=\"wc-block-grid__product-image\"><img loading=\"lazy\" decoding=\"async\" width=\"458\" height=\"458\" src=\"https:\/\/degrados.es\/wp-content\/uploads\/2021\/02\/herbero-mariola-molina.jpg\" class=\"attachment-woocommerce_thumbnail size-woocommerce_thumbnail\" alt=\"Herbero de mariola online kaufen\" srcset=\"https:\/\/degrados.es\/wp-content\/uploads\/2021\/02\/herbero-mariola-molina.jpg 458w, https:\/\/degrados.es\/wp-content\/uploads\/2021\/02\/herbero-mariola-molina-100x100.jpg 100w, https:\/\/degrados.es\/wp-content\/uploads\/2021\/02\/herbero-mariola-molina-300x300.jpg 300w, https:\/\/degrados.es\/wp-content\/uploads\/2021\/02\/herbero-mariola-molina-150x150.jpg 150w, https:\/\/degrados.es\/wp-content\/uploads\/2021\/02\/herbero-mariola-molina-420x420.jpg 420w, https:\/\/degrados.es\/wp-content\/uploads\/2021\/02\/herbero-mariola-molina-75x75.jpg 75w\" sizes=\"(max-width: 458px) 100vw, 458px\" \/><\/div>\n\t\t\t\t\t<div class=\"wc-block-grid__product-title\">Herbero dulce Bocairent<\/div>\n\t\t\t\t<\/a>\n\t\t\t\t<div class=\"wc-block-grid__product-price price\"><del aria-hidden=\"true\"><span class=\"woocommerce-Price-amount amount\">13,11<span class=\"woocommerce-Price-currencySymbol\">&euro;<\/span><\/span><\/del> <span class=\"screen-reader-text\">Urspr\u00fcnglicher Preis war: 13,11&euro;<\/span><ins aria-hidden=\"true\"><span class=\"woocommerce-Price-amount amount\">12,45<span class=\"woocommerce-Price-currencySymbol\">&euro;<\/span><\/span><\/ins><span class=\"screen-reader-text\">Aktueller Preis ist: 12,45&euro;.<\/span> <small class=\"woocommerce-price-suffix\">IVA Incluido<\/small><\/div>\n\t\t\t\t<div class=\"wc-block-grid__product-rating\"><div class=\"star-rating\" role=\"img\" aria-label=\"Bewertet mit 5.00 von 5\"><span style=\"width:100%\">Bewertet mit <strong class=\"rating\">5.00<\/strong> von 5, basierend auf <span class=\"rating\">2<\/span> Kundenbewertungen<\/span><\/div><\/div>\n\t\t\t\t<div class=\"wp-block-button wc-block-grid__product-add-to-cart\"><a href=\"\/de\/wp-json\/wp\/v2\/posts\/7550?add-to-cart=2807\" aria-label=\"In den Warenkorb legen: \u201eHerbero dulce Bocairent\u201c\" data-quantity=\"1\" data-product_id=\"2807\" data-product_sku=\"D1G16\" data-price=\"12.45\" rel=\"nofollow\" class=\"wp-block-button__link  add_to_cart_button ajax_add_to_cart\">In den Warenkorb<\/a><\/div>\n\t\t\t<\/li><\/ul><\/div>\n<p>Die Mistela-Hersteller haben begonnen, mit neuen Reifungs- und Pr\u00e4sentationstechniken zu experimentieren und diesen Lik\u00f6r als Premiumprodukt auf dem Spirituosenmarkt zu positionieren. F\u00fcr Liebhaber von s\u00fc\u00dfen Lik\u00f6ren bietet Mistela ein einzigartiges Erlebnis, das von Geschichte und Geschmack durchdrungen ist. <\/p>\n\n<h2 class=\"wp-block-heading\">Valencianische Weine und Spirituosen<\/h2>\n\n<p>Die Erkundung der <strong>valencianischen Weine, Cavas, Wermut und Mistelas<\/strong> ist viel mehr als ein Geschmackserlebnis; es ist eine Reise durch die Geschichte, Kultur und Seele einer Region. F\u00fcr Spirituosenliebhaber bietet Valencia eine Vielzahl von M\u00f6glichkeiten, die den Reichtum des Landes und seiner Menschen widerspiegeln. <\/p>\n<div data-block-name=\"woocommerce\/product-category\" data-categories=\"[555,540]\" class=\"wc-block-grid wp-block-product-category wp-block-woocommerce-product-category wc-block-product-category has-3-columns has-multiple-rows\"><ul class=\"wc-block-grid__products\"><li class=\"wc-block-grid__product\">\n\t\t\t\t<a href=\"https:\/\/degrados.es\/de\/producto\/kcalla-aniscreme\/\" class=\"wc-block-grid__product-link\">\n\t\t\t\t\t<div class=\"wc-block-grid__product-onsale\">\n\t\t\t<span aria-hidden=\"true\">Angebot<\/span>\n\t\t\t<span class=\"screen-reader-text\">Produkt im Angebot<\/span>\n\t\t<\/div>\n\t\t\t\t\t<div class=\"wc-block-grid__product-image\"><img loading=\"lazy\" decoding=\"async\" width=\"460\" height=\"460\" src=\"https:\/\/degrados.es\/wp-content\/uploads\/2022\/02\/Licor-de-crema-con-anis-460x460.webp\" class=\"attachment-woocommerce_thumbnail size-woocommerce_thumbnail\" alt=\"Crema de an\u00eds K\u00e7alla\" srcset=\"https:\/\/degrados.es\/wp-content\/uploads\/2022\/02\/Licor-de-crema-con-anis-460x460.webp 460w, https:\/\/degrados.es\/wp-content\/uploads\/2022\/02\/Licor-de-crema-con-anis-100x100.webp 100w, https:\/\/degrados.es\/wp-content\/uploads\/2022\/02\/Licor-de-crema-con-anis-800x800.webp 800w, https:\/\/degrados.es\/wp-content\/uploads\/2022\/02\/Licor-de-crema-con-anis-300x300.webp 300w, https:\/\/degrados.es\/wp-content\/uploads\/2022\/02\/Licor-de-crema-con-anis-150x150.webp 150w, https:\/\/degrados.es\/wp-content\/uploads\/2022\/02\/Licor-de-crema-con-anis-768x768.webp 768w, https:\/\/degrados.es\/wp-content\/uploads\/2022\/02\/Licor-de-crema-con-anis-64x64.webp 64w, https:\/\/degrados.es\/wp-content\/uploads\/2022\/02\/Licor-de-crema-con-anis.webp 1000w\" sizes=\"(max-width: 460px) 100vw, 460px\" \/><\/div>\n\t\t\t\t\t<div class=\"wc-block-grid__product-title\">K\u00e7alla-Aniscreme<\/div>\n\t\t\t\t<\/a>\n\t\t\t\t<div class=\"wc-block-grid__product-price price\"><del aria-hidden=\"true\"><span class=\"woocommerce-Price-amount amount\">11,18<span class=\"woocommerce-Price-currencySymbol\">&euro;<\/span><\/span><\/del> <span class=\"screen-reader-text\">Urspr\u00fcnglicher Preis war: 11,18&euro;<\/span><ins aria-hidden=\"true\"><span class=\"woocommerce-Price-amount amount\">10,62<span class=\"woocommerce-Price-currencySymbol\">&euro;<\/span><\/span><\/ins><span class=\"screen-reader-text\">Aktueller Preis ist: 10,62&euro;.<\/span> <small class=\"woocommerce-price-suffix\">IVA Incluido<\/small><\/div>\n\t\t\t\t\n\t\t\t\t<div class=\"wp-block-button wc-block-grid__product-add-to-cart\"><a href=\"\/de\/wp-json\/wp\/v2\/posts\/7550?add-to-cart=2751\" aria-label=\"In den Warenkorb legen: \u201eK\u00e7alla-Aniscreme\u201c\" data-quantity=\"1\" data-product_id=\"2751\" data-product_sku=\"D1G47\" data-price=\"10.62\" rel=\"nofollow\" class=\"wp-block-button__link  add_to_cart_button ajax_add_to_cart\">In den Warenkorb<\/a><\/div>\n\t\t\t<\/li><li class=\"wc-block-grid__product\">\n\t\t\t\t<a href=\"https:\/\/degrados.es\/de\/producto\/traditionelle-likoere-mesclaet-100cl\/\" class=\"wc-block-grid__product-link\">\n\t\t\t\t\t<div class=\"wc-block-grid__product-onsale\">\n\t\t\t<span aria-hidden=\"true\">Angebot<\/span>\n\t\t\t<span class=\"screen-reader-text\">Produkt im Angebot<\/span>\n\t\t<\/div>\n\t\t\t\t\t<div class=\"wc-block-grid__product-image\"><img loading=\"lazy\" decoding=\"async\" width=\"460\" height=\"460\" src=\"https:\/\/degrados.es\/wp-content\/uploads\/2022\/02\/Licor-de-Cantueso-1-460x460.webp\" class=\"attachment-woocommerce_thumbnail size-woocommerce_thumbnail\" alt=\"Licor de hierbas Cantueso\" srcset=\"https:\/\/degrados.es\/wp-content\/uploads\/2022\/02\/Licor-de-Cantueso-1-460x460.webp 460w, https:\/\/degrados.es\/wp-content\/uploads\/2022\/02\/Licor-de-Cantueso-1-100x100.webp 100w, https:\/\/degrados.es\/wp-content\/uploads\/2022\/02\/Licor-de-Cantueso-1-800x800.webp 800w, https:\/\/degrados.es\/wp-content\/uploads\/2022\/02\/Licor-de-Cantueso-1-300x300.webp 300w, https:\/\/degrados.es\/wp-content\/uploads\/2022\/02\/Licor-de-Cantueso-1-150x150.webp 150w, https:\/\/degrados.es\/wp-content\/uploads\/2022\/02\/Licor-de-Cantueso-1-768x768.webp 768w, https:\/\/degrados.es\/wp-content\/uploads\/2022\/02\/Licor-de-Cantueso-1-64x64.webp 64w, https:\/\/degrados.es\/wp-content\/uploads\/2022\/02\/Licor-de-Cantueso-1.webp 1000w\" sizes=\"(max-width: 460px) 100vw, 460px\" \/><\/div>\n\t\t\t\t\t<div class=\"wc-block-grid__product-title\">Traditionelle Lik\u00f6re Mesclaet 100cl.<\/div>\n\t\t\t\t<\/a>\n\t\t\t\t<div class=\"wc-block-grid__product-price price\"><del aria-hidden=\"true\"><span class=\"woocommerce-Price-amount amount\">13,97<span class=\"woocommerce-Price-currencySymbol\">&euro;<\/span><\/span><\/del> <span class=\"screen-reader-text\">Urspr\u00fcnglicher Preis war: 13,97&euro;<\/span><ins aria-hidden=\"true\"><span class=\"woocommerce-Price-amount amount\">13,27<span class=\"woocommerce-Price-currencySymbol\">&euro;<\/span><\/span><\/ins><span class=\"screen-reader-text\">Aktueller Preis ist: 13,27&euro;.<\/span> <small class=\"woocommerce-price-suffix\">IVA Incluido<\/small><\/div>\n\t\t\t\t\n\t\t\t\t<div class=\"wp-block-button wc-block-grid__product-add-to-cart\"><a href=\"\/de\/wp-json\/wp\/v2\/posts\/7550?add-to-cart=2759\" aria-label=\"In den Warenkorb legen: \u201eTraditionelle Lik\u00f6re Mesclaet 100cl.\u201c\" data-quantity=\"1\" data-product_id=\"2759\" data-product_sku=\"D1G46\" data-price=\"13.27\" rel=\"nofollow\" class=\"wp-block-button__link  add_to_cart_button ajax_add_to_cart\">In den Warenkorb<\/a><\/div>\n\t\t\t<\/li><li class=\"wc-block-grid__product\">\n\t\t\t\t<a href=\"https:\/\/degrados.es\/de\/producto\/traditioneller-salbei-likoer-100cl\/\" class=\"wc-block-grid__product-link\">\n\t\t\t\t\t<div class=\"wc-block-grid__product-onsale\">\n\t\t\t<span aria-hidden=\"true\">Angebot<\/span>\n\t\t\t<span class=\"screen-reader-text\">Produkt im Angebot<\/span>\n\t\t<\/div>\n\t\t\t\t\t<div class=\"wc-block-grid__product-image\"><img loading=\"lazy\" decoding=\"async\" width=\"430\" height=\"430\" src=\"https:\/\/degrados.es\/wp-content\/uploads\/2022\/02\/Licor-de-salvia.webp\" class=\"attachment-woocommerce_thumbnail size-woocommerce_thumbnail\" alt=\"Salbei-Lik\u00f6r kaufen\" srcset=\"https:\/\/degrados.es\/wp-content\/uploads\/2022\/02\/Licor-de-salvia.webp 430w, https:\/\/degrados.es\/wp-content\/uploads\/2022\/02\/Licor-de-salvia-100x100.webp 100w, https:\/\/degrados.es\/wp-content\/uploads\/2022\/02\/Licor-de-salvia-300x300.webp 300w, https:\/\/degrados.es\/wp-content\/uploads\/2022\/02\/Licor-de-salvia-150x150.webp 150w\" sizes=\"(max-width: 430px) 100vw, 430px\" \/><\/div>\n\t\t\t\t\t<div class=\"wc-block-grid__product-title\">Traditioneller Salbei-Lik\u00f6r 100cl.<\/div>\n\t\t\t\t<\/a>\n\t\t\t\t<div class=\"wc-block-grid__product-price price\"><del aria-hidden=\"true\"><span class=\"woocommerce-Price-amount amount\">10,75<span class=\"woocommerce-Price-currencySymbol\">&euro;<\/span><\/span><\/del> <span class=\"screen-reader-text\">Urspr\u00fcnglicher Preis war: 10,75&euro;<\/span><ins aria-hidden=\"true\"><span class=\"woocommerce-Price-amount amount\">10,21<span class=\"woocommerce-Price-currencySymbol\">&euro;<\/span><\/span><\/ins><span class=\"screen-reader-text\">Aktueller Preis ist: 10,21&euro;.<\/span> <small class=\"woocommerce-price-suffix\">IVA Incluido<\/small><\/div>\n\t\t\t\t\n\t\t\t\t<div class=\"wp-block-button wc-block-grid__product-add-to-cart\"><a href=\"\/de\/wp-json\/wp\/v2\/posts\/7550?add-to-cart=2748\" aria-label=\"In den Warenkorb legen: \u201eTraditioneller Salbei-Lik\u00f6r 100cl.\u201c\" data-quantity=\"1\" data-product_id=\"2748\" data-product_sku=\"D1G43\" data-price=\"10.21\" rel=\"nofollow\" class=\"wp-block-button__link  add_to_cart_button ajax_add_to_cart\">In den Warenkorb<\/a><\/div>\n\t\t\t<\/li><li class=\"wc-block-grid__product\">\n\t\t\t\t<a href=\"https:\/\/degrados.es\/de\/producto\/herbero-de-la-sierra-de-mariola\/\" class=\"wc-block-grid__product-link\">\n\t\t\t\t\t<div class=\"wc-block-grid__product-onsale\">\n\t\t\t<span aria-hidden=\"true\">Angebot<\/span>\n\t\t\t<span class=\"screen-reader-text\">Produkt im Angebot<\/span>\n\t\t<\/div>\n\t\t\t\t\t<div class=\"wc-block-grid__product-image\"><img loading=\"lazy\" decoding=\"async\" width=\"430\" height=\"430\" src=\"https:\/\/degrados.es\/wp-content\/uploads\/2022\/02\/Comprar-herbero.webp\" class=\"attachment-woocommerce_thumbnail size-woocommerce_thumbnail\" alt=\"Herbero online kaufen\" srcset=\"https:\/\/degrados.es\/wp-content\/uploads\/2022\/02\/Comprar-herbero.webp 430w, https:\/\/degrados.es\/wp-content\/uploads\/2022\/02\/Comprar-herbero-100x100.webp 100w, https:\/\/degrados.es\/wp-content\/uploads\/2022\/02\/Comprar-herbero-300x300.webp 300w, https:\/\/degrados.es\/wp-content\/uploads\/2022\/02\/Comprar-herbero-150x150.webp 150w\" sizes=\"(max-width: 430px) 100vw, 430px\" \/><\/div>\n\t\t\t\t\t<div class=\"wc-block-grid__product-title\">Herbero de la Sierra de Mariola<\/div>\n\t\t\t\t<\/a>\n\t\t\t\t<div class=\"wc-block-grid__product-price price\"><del aria-hidden=\"true\"><span class=\"woocommerce-Price-amount amount\">11,50<span class=\"woocommerce-Price-currencySymbol\">&euro;<\/span><\/span><\/del> <span class=\"screen-reader-text\">Urspr\u00fcnglicher Preis war: 11,50&euro;<\/span><ins aria-hidden=\"true\"><span class=\"woocommerce-Price-amount amount\">10,92<span class=\"woocommerce-Price-currencySymbol\">&euro;<\/span><\/span><\/ins><span class=\"screen-reader-text\">Aktueller Preis ist: 10,92&euro;.<\/span> <small class=\"woocommerce-price-suffix\">IVA Incluido<\/small><\/div>\n\t\t\t\t\n\t\t\t\t<div class=\"wp-block-button wc-block-grid__product-add-to-cart\"><a href=\"\/de\/wp-json\/wp\/v2\/posts\/7550?add-to-cart=2761\" aria-label=\"In den Warenkorb legen: \u201eHerbero de la Sierra de Mariola\u201c\" data-quantity=\"1\" data-product_id=\"2761\" data-product_sku=\"D1G41\" data-price=\"10.92\" rel=\"nofollow\" class=\"wp-block-button__link  add_to_cart_button ajax_add_to_cart\">In den Warenkorb<\/a><\/div>\n\t\t\t<\/li><li class=\"wc-block-grid__product\">\n\t\t\t\t<a href=\"https:\/\/degrados.es\/de\/producto\/herbero-la-cava\/\" class=\"wc-block-grid__product-link\">\n\t\t\t\t\t<div class=\"wc-block-grid__product-onsale\">\n\t\t\t<span aria-hidden=\"true\">Angebot<\/span>\n\t\t\t<span class=\"screen-reader-text\">Produkt im Angebot<\/span>\n\t\t<\/div>\n\t\t\t\t\t<div class=\"wc-block-grid__product-image\"><img loading=\"lazy\" decoding=\"async\" width=\"287\" height=\"300\" src=\"https:\/\/degrados.es\/wp-content\/uploads\/2022\/02\/Herbero-mariola-287x300.webp\" class=\"attachment-woocommerce_thumbnail size-woocommerce_thumbnail\" alt=\"Herbero La Cava\" \/><\/div>\n\t\t\t\t\t<div class=\"wc-block-grid__product-title\">Herbero La Cava<\/div>\n\t\t\t\t<\/a>\n\t\t\t\t<div class=\"wc-block-grid__product-price price\"><del aria-hidden=\"true\"><span class=\"woocommerce-Price-amount amount\">10,97<span class=\"woocommerce-Price-currencySymbol\">&euro;<\/span><\/span><\/del> <span class=\"screen-reader-text\">Urspr\u00fcnglicher Preis war: 10,97&euro;<\/span><ins aria-hidden=\"true\"><span class=\"woocommerce-Price-amount amount\">10,42<span class=\"woocommerce-Price-currencySymbol\">&euro;<\/span><\/span><\/ins><span class=\"screen-reader-text\">Aktueller Preis ist: 10,42&euro;.<\/span> <small class=\"woocommerce-price-suffix\">IVA Incluido<\/small><\/div>\n\t\t\t\t\n\t\t\t\t<div class=\"wp-block-button wc-block-grid__product-add-to-cart\"><a href=\"\/de\/wp-json\/wp\/v2\/posts\/7550?add-to-cart=2736\" aria-label=\"In den Warenkorb legen: \u201eHerbero La Cava\u201c\" data-quantity=\"1\" data-product_id=\"2736\" data-product_sku=\"D1G39\" data-price=\"10.42\" rel=\"nofollow\" class=\"wp-block-button__link  add_to_cart_button ajax_add_to_cart\">In den Warenkorb<\/a><\/div>\n\t\t\t<\/li><li class=\"wc-block-grid__product\">\n\t\t\t\t<a href=\"https:\/\/degrados.es\/de\/producto\/anis-samen-70cl\/\" class=\"wc-block-grid__product-link\">\n\t\t\t\t\t<div class=\"wc-block-grid__product-onsale\">\n\t\t\t<span aria-hidden=\"true\">Angebot<\/span>\n\t\t\t<span class=\"screen-reader-text\">Produkt im Angebot<\/span>\n\t\t<\/div>\n\t\t\t\t\t<div class=\"wc-block-grid__product-image\"><img loading=\"lazy\" decoding=\"async\" width=\"430\" height=\"430\" src=\"https:\/\/degrados.es\/wp-content\/uploads\/2022\/02\/Comprar-anis-semilla-canamo.webp\" class=\"attachment-woocommerce_thumbnail size-woocommerce_thumbnail\" alt=\"Hanf Anis kaufen\" srcset=\"https:\/\/degrados.es\/wp-content\/uploads\/2022\/02\/Comprar-anis-semilla-canamo.webp 430w, https:\/\/degrados.es\/wp-content\/uploads\/2022\/02\/Comprar-anis-semilla-canamo-100x100.webp 100w, https:\/\/degrados.es\/wp-content\/uploads\/2022\/02\/Comprar-anis-semilla-canamo-300x300.webp 300w, https:\/\/degrados.es\/wp-content\/uploads\/2022\/02\/Comprar-anis-semilla-canamo-150x150.webp 150w\" sizes=\"(max-width: 430px) 100vw, 430px\" \/><\/div>\n\t\t\t\t\t<div class=\"wc-block-grid__product-title\">Anis-Samen 70cl.<\/div>\n\t\t\t\t<\/a>\n\t\t\t\t<div class=\"wc-block-grid__product-price price\"><del aria-hidden=\"true\"><span class=\"woocommerce-Price-amount amount\">15,00<span class=\"woocommerce-Price-currencySymbol\">&euro;<\/span><\/span><\/del> <span class=\"screen-reader-text\">Urspr\u00fcnglicher Preis war: 15,00&euro;<\/span><ins aria-hidden=\"true\"><span class=\"woocommerce-Price-amount amount\">14,25<span class=\"woocommerce-Price-currencySymbol\">&euro;<\/span><\/span><\/ins><span class=\"screen-reader-text\">Aktueller Preis ist: 14,25&euro;.<\/span> <small class=\"woocommerce-price-suffix\">IVA Incluido<\/small><\/div>\n\t\t\t\t\n\t\t\t\t<div class=\"wp-block-button wc-block-grid__product-add-to-cart\"><a href=\"\/de\/wp-json\/wp\/v2\/posts\/7550?add-to-cart=2731\" aria-label=\"In den Warenkorb legen: \u201eAnis-Samen 70cl.\u201c\" data-quantity=\"1\" data-product_id=\"2731\" data-product_sku=\"D1G57\" data-price=\"14.25\" rel=\"nofollow\" class=\"wp-block-button__link  add_to_cart_button ajax_add_to_cart\">In den Warenkorb<\/a><\/div>\n\t\t\t<\/li><li class=\"wc-block-grid__product\">\n\t\t\t\t<a href=\"https:\/\/degrados.es\/de\/producto\/anis-kcalla\/\" class=\"wc-block-grid__product-link\">\n\t\t\t\t\t<div class=\"wc-block-grid__product-onsale\">\n\t\t\t<span aria-hidden=\"true\">Angebot<\/span>\n\t\t\t<span class=\"screen-reader-text\">Produkt im Angebot<\/span>\n\t\t<\/div>\n\t\t\t\t\t<div class=\"wc-block-grid__product-image\"><img loading=\"lazy\" decoding=\"async\" width=\"460\" height=\"460\" src=\"https:\/\/degrados.es\/wp-content\/uploads\/2022\/02\/28-460x460.webp\" class=\"attachment-woocommerce_thumbnail size-woocommerce_thumbnail\" alt=\"An\u00eds seco K\u00e7alla\" srcset=\"https:\/\/degrados.es\/wp-content\/uploads\/2022\/02\/28-460x460.webp 460w, https:\/\/degrados.es\/wp-content\/uploads\/2022\/02\/28-100x100.webp 100w, https:\/\/degrados.es\/wp-content\/uploads\/2022\/02\/28-800x800.webp 800w, https:\/\/degrados.es\/wp-content\/uploads\/2022\/02\/28-300x300.webp 300w, https:\/\/degrados.es\/wp-content\/uploads\/2022\/02\/28-150x150.webp 150w, https:\/\/degrados.es\/wp-content\/uploads\/2022\/02\/28-768x768.webp 768w, https:\/\/degrados.es\/wp-content\/uploads\/2022\/02\/28-64x64.webp 64w, https:\/\/degrados.es\/wp-content\/uploads\/2022\/02\/28.webp 1000w\" sizes=\"(max-width: 460px) 100vw, 460px\" \/><\/div>\n\t\t\t\t\t<div class=\"wc-block-grid__product-title\">Anis K\u00e7alla<\/div>\n\t\t\t\t<\/a>\n\t\t\t\t<div class=\"wc-block-grid__product-price price\"><del aria-hidden=\"true\"><span class=\"woocommerce-Price-amount amount\">15,00<span class=\"woocommerce-Price-currencySymbol\">&euro;<\/span><\/span><\/del> <span class=\"screen-reader-text\">Urspr\u00fcnglicher Preis war: 15,00&euro;<\/span><ins aria-hidden=\"true\"><span class=\"woocommerce-Price-amount amount\">14,25<span class=\"woocommerce-Price-currencySymbol\">&euro;<\/span><\/span><\/ins><span class=\"screen-reader-text\">Aktueller Preis ist: 14,25&euro;.<\/span> <small class=\"woocommerce-price-suffix\">IVA Incluido<\/small><\/div>\n\t\t\t\t\n\t\t\t\t<div class=\"wp-block-button wc-block-grid__product-add-to-cart\"><a href=\"\/de\/wp-json\/wp\/v2\/posts\/7550?add-to-cart=2741\" aria-label=\"In den Warenkorb legen: \u201eAnis K\u00e7alla\u201c\" data-quantity=\"1\" data-product_id=\"2741\" data-product_sku=\"D1G56\" data-price=\"14.25\" rel=\"nofollow\" class=\"wp-block-button__link  add_to_cart_button ajax_add_to_cart\">In den Warenkorb<\/a><\/div>\n\t\t\t<\/li><li class=\"wc-block-grid__product\">\n\t\t\t\t<a href=\"https:\/\/degrados.es\/de\/producto\/absinth-classic-55-70cl\/\" class=\"wc-block-grid__product-link\">\n\t\t\t\t\t<div class=\"wc-block-grid__product-onsale\">\n\t\t\t<span aria-hidden=\"true\">Angebot<\/span>\n\t\t\t<span class=\"screen-reader-text\">Produkt im Angebot<\/span>\n\t\t<\/div>\n\t\t\t\t\t<div class=\"wc-block-grid__product-image\"><img loading=\"lazy\" decoding=\"async\" width=\"460\" height=\"460\" src=\"https:\/\/degrados.es\/wp-content\/uploads\/2022\/02\/Absenta-Classic-55o-460x460.webp\" class=\"attachment-woocommerce_thumbnail size-woocommerce_thumbnail\" alt=\"Absenta Classic 55 (70cl)\" srcset=\"https:\/\/degrados.es\/wp-content\/uploads\/2022\/02\/Absenta-Classic-55o-460x460.webp 460w, https:\/\/degrados.es\/wp-content\/uploads\/2022\/02\/Absenta-Classic-55o-100x100.webp 100w, https:\/\/degrados.es\/wp-content\/uploads\/2022\/02\/Absenta-Classic-55o-800x800.webp 800w, https:\/\/degrados.es\/wp-content\/uploads\/2022\/02\/Absenta-Classic-55o-300x300.webp 300w, https:\/\/degrados.es\/wp-content\/uploads\/2022\/02\/Absenta-Classic-55o-150x150.webp 150w, https:\/\/degrados.es\/wp-content\/uploads\/2022\/02\/Absenta-Classic-55o-768x768.webp 768w, https:\/\/degrados.es\/wp-content\/uploads\/2022\/02\/Absenta-Classic-55o-64x64.webp 64w, https:\/\/degrados.es\/wp-content\/uploads\/2022\/02\/Absenta-Classic-55o.webp 1000w\" sizes=\"(max-width: 460px) 100vw, 460px\" \/><\/div>\n\t\t\t\t\t<div class=\"wc-block-grid__product-title\">Absinth Classic 55 (70cl)<\/div>\n\t\t\t\t<\/a>\n\t\t\t\t<div class=\"wc-block-grid__product-price price\"><del aria-hidden=\"true\"><span class=\"woocommerce-Price-amount amount\">21,95<span class=\"woocommerce-Price-currencySymbol\">&euro;<\/span><\/span><\/del> <span class=\"screen-reader-text\">Urspr\u00fcnglicher Preis war: 21,95&euro;<\/span><ins aria-hidden=\"true\"><span class=\"woocommerce-Price-amount amount\">20,85<span class=\"woocommerce-Price-currencySymbol\">&euro;<\/span><\/span><\/ins><span class=\"screen-reader-text\">Aktueller Preis ist: 20,85&euro;.<\/span> <small class=\"woocommerce-price-suffix\">IVA Incluido<\/small><\/div>\n\t\t\t\t\n\t\t\t\t<div class=\"wp-block-button wc-block-grid__product-add-to-cart\"><a href=\"\/de\/wp-json\/wp\/v2\/posts\/7550?add-to-cart=2750\" aria-label=\"In den Warenkorb legen: \u201eAbsinth Classic 55 (70cl)\u201c\" data-quantity=\"1\" data-product_id=\"2750\" data-product_sku=\"D1G55\" data-price=\"20.85\" rel=\"nofollow\" class=\"wp-block-button__link  add_to_cart_button ajax_add_to_cart\">In den Warenkorb<\/a><\/div>\n\t\t\t<\/li><li class=\"wc-block-grid__product\">\n\t\t\t\t<a href=\"https:\/\/degrados.es\/de\/producto\/absinth-trocken-55\/\" class=\"wc-block-grid__product-link\">\n\t\t\t\t\t<div class=\"wc-block-grid__product-onsale\">\n\t\t\t<span aria-hidden=\"true\">Angebot<\/span>\n\t\t\t<span class=\"screen-reader-text\">Produkt im Angebot<\/span>\n\t\t<\/div>\n\t\t\t\t\t<div class=\"wc-block-grid__product-image\"><img loading=\"lazy\" decoding=\"async\" width=\"430\" height=\"430\" src=\"https:\/\/degrados.es\/wp-content\/uploads\/2022\/02\/absenta-dry-55-70cl.webp\" class=\"attachment-woocommerce_thumbnail size-woocommerce_thumbnail\" alt=\"Absinth trocken kaufen\" srcset=\"https:\/\/degrados.es\/wp-content\/uploads\/2022\/02\/absenta-dry-55-70cl.webp 430w, https:\/\/degrados.es\/wp-content\/uploads\/2022\/02\/absenta-dry-55-70cl-100x100.webp 100w, https:\/\/degrados.es\/wp-content\/uploads\/2022\/02\/absenta-dry-55-70cl-300x300.webp 300w, https:\/\/degrados.es\/wp-content\/uploads\/2022\/02\/absenta-dry-55-70cl-150x150.webp 150w\" sizes=\"(max-width: 430px) 100vw, 430px\" \/><\/div>\n\t\t\t\t\t<div class=\"wc-block-grid__product-title\">Absinth trocken 55<\/div>\n\t\t\t\t<\/a>\n\t\t\t\t<div class=\"wc-block-grid__product-price price\"><del aria-hidden=\"true\"><span class=\"woocommerce-Price-amount amount\">19,50<span class=\"woocommerce-Price-currencySymbol\">&euro;<\/span><\/span><\/del> <span class=\"screen-reader-text\">Urspr\u00fcnglicher Preis war: 19,50&euro;<\/span><ins aria-hidden=\"true\"><span class=\"woocommerce-Price-amount amount\">18,52<span class=\"woocommerce-Price-currencySymbol\">&euro;<\/span><\/span><\/ins><span class=\"screen-reader-text\">Aktueller Preis ist: 18,52&euro;.<\/span> <small class=\"woocommerce-price-suffix\">IVA Incluido<\/small><\/div>\n\t\t\t\t\n\t\t\t\t<div class=\"wp-block-button wc-block-grid__product-add-to-cart\"><a href=\"\/de\/wp-json\/wp\/v2\/posts\/7550?add-to-cart=2758\" aria-label=\"In den Warenkorb legen: \u201eAbsinth trocken 55\u201c\" data-quantity=\"1\" data-product_id=\"2758\" data-product_sku=\"D1G54\" data-price=\"18.52\" rel=\"nofollow\" class=\"wp-block-button__link  add_to_cart_button ajax_add_to_cart\">In den Warenkorb<\/a><\/div>\n\t\t\t<\/li><\/ul><\/div>\n<p>Die Valencianische Gemeinschaft und Alicante haben eine reiche Tradition typischer Lik\u00f6re wie <strong>Mistela<\/strong>, ein s\u00fc\u00dfer Lik\u00f6r aus Traubenmost, <strong>Herbero<\/strong>, ein Kr\u00e4uterlik\u00f6r aus der Sierra de Mariola, und <strong>Cazalla<\/strong>, ein starker Anislik\u00f6r. Weitere bemerkenswerte Lik\u00f6re sind der <strong>Orangenlik\u00f6r<\/strong>, der aus den ber\u00fchmten valencianischen Orangen hergestellt wird, der blumige <strong>Cantueso<\/strong> aus Elche und der s\u00fc\u00dfe <strong>An\u00eds Paloma<\/strong> aus Monforte del Cid. Diese Lik\u00f6re spiegeln die Verwendung lokaler Zutaten und die Kultur der Region wider und eignen sich daher ideal als Begleitung zu Feierlichkeiten und f\u00fcr Drinks nach dem Essen.  <\/p>\n\n<p>Jedes Glas valencianischen Weins oder Lik\u00f6rs erz\u00e4hlt eine Geschichte, sei es die jahrhundertealte Tradition der Weinberge von Utiel-Requena, die Kunst des Cava von Requena, die Wiederbelebung des Wermuts oder die nostalgische S\u00fc\u00dfe des Mistela. F\u00fcr diejenigen, die eine authentische und bereichernde Erfahrung suchen, sind valencianische Lik\u00f6re eine offene T\u00fcr zu einer der lebendigsten Weinregionen Spaniens. <\/p>\n","protected":false},"excerpt":{"rendered":"<p>Valencia ist ein Land der Kontraste, in dem die Berge mit dem Meer verschmelzen, Orangenhaine die Landschaft schm\u00fccken und die Gastronomie sich mit einer reichen Weintradition verbindet.<\/p>\n","protected":false},"author":1,"featured_media":3944,"comment_status":"closed","ping_status":"open","sticky":false,"template":"","format":"standard","meta":{"inline_featured_image":false,"footnotes":""},"categories":[514],"tags":[],"class_list":["post-7550","post","type-post","status-publish","format-standard","has-post-thumbnail","hentry","category-unkategorisiert"],"yoast_head":"<!-- This site is optimized with the Yoast SEO plugin v27.4 - https:\/\/yoast.com\/product\/yoast-seo-wordpress\/ -->\n<title>Weine, Cavas, Wermut und Mistelas: fl\u00fcssige Sch\u00e4tze aus Valencia - Online Spirituosengesch\u00e4ft<\/title>\n<meta name=\"description\" content=\"Entdecken Sie den Reichtum der valencianischen Weine, Cavas, Wermut und Mistelas. Tradition und Geschmack in jedem Glas f\u00fcr Liebhaber guter Spirituosen.\" \/>\n<meta name=\"robots\" content=\"index, follow, max-snippet:-1, max-image-preview:large, max-video-preview:-1\" \/>\n<link rel=\"canonical\" href=\"https:\/\/degrados.es\/de\/weine-cavas-wermut-und-mistelas-fluessige-schaetze-aus-valencia\/\" \/>\n<meta property=\"og:locale\" content=\"de_DE\" \/>\n<meta property=\"og:type\" content=\"article\" \/>\n<meta property=\"og:title\" content=\"Weine, Cavas, Wermut und Mistelas: fl\u00fcssige Sch\u00e4tze aus Valencia - Online Spirituosengesch\u00e4ft\" \/>\n<meta property=\"og:description\" content=\"Entdecken Sie den Reichtum der valencianischen Weine, Cavas, Wermut und Mistelas. Tradition und Geschmack in jedem Glas f\u00fcr Liebhaber guter Spirituosen.\" \/>\n<meta property=\"og:url\" content=\"https:\/\/degrados.es\/de\/weine-cavas-wermut-und-mistelas-fluessige-schaetze-aus-valencia\/\" \/>\n<meta property=\"og:site_name\" content=\"Online Spirituosengesch\u00e4ft\" \/>\n<meta property=\"article:published_time\" content=\"2024-12-16T10:03:46+00:00\" \/>\n<meta property=\"article:modified_time\" content=\"2024-12-16T10:03:47+00:00\" \/>\n<meta property=\"og:image\" content=\"https:\/\/degrados.es\/wp-content\/uploads\/2024\/09\/Vinos-cavas-vermut-mistela-valenciano.jpg\" \/>\n\t<meta property=\"og:image:width\" content=\"1200\" \/>\n\t<meta property=\"og:image:height\" content=\"1200\" \/>\n\t<meta property=\"og:image:type\" content=\"image\/jpeg\" \/>\n<meta name=\"author\" content=\"Jose\" \/>\n<meta name=\"twitter:card\" content=\"summary_large_image\" \/>\n<meta name=\"twitter:label1\" content=\"Verfasst von\" \/>\n\t<meta name=\"twitter:data1\" content=\"Jose\" \/>\n\t<meta name=\"twitter:label2\" content=\"Gesch\u00e4tzte Lesezeit\" \/>\n\t<meta name=\"twitter:data2\" content=\"7\u00a0Minuten\" \/>\n<script type=\"application\/ld+json\" class=\"yoast-schema-graph\">{\"@context\":\"https:\\\/\\\/schema.org\",\"@graph\":[{\"@type\":\"Article\",\"@id\":\"https:\\\/\\\/degrados.es\\\/de\\\/weine-cavas-wermut-und-mistelas-fluessige-schaetze-aus-valencia\\\/#article\",\"isPartOf\":{\"@id\":\"https:\\\/\\\/degrados.es\\\/de\\\/weine-cavas-wermut-und-mistelas-fluessige-schaetze-aus-valencia\\\/\"},\"author\":{\"name\":\"Jose\",\"@id\":\"https:\\\/\\\/degrados.es\\\/#\\\/schema\\\/person\\\/2283ad7ee1a0949981489f9ba563f414\"},\"headline\":\"Weine, Cavas, Wermut und Mistelas: fl\u00fcssige Sch\u00e4tze aus Valencia\",\"datePublished\":\"2024-12-16T10:03:46+00:00\",\"dateModified\":\"2024-12-16T10:03:47+00:00\",\"mainEntityOfPage\":{\"@id\":\"https:\\\/\\\/degrados.es\\\/de\\\/weine-cavas-wermut-und-mistelas-fluessige-schaetze-aus-valencia\\\/\"},\"wordCount\":1349,\"publisher\":{\"@id\":\"https:\\\/\\\/degrados.es\\\/#organization\"},\"image\":{\"@id\":\"https:\\\/\\\/degrados.es\\\/de\\\/weine-cavas-wermut-und-mistelas-fluessige-schaetze-aus-valencia\\\/#primaryimage\"},\"thumbnailUrl\":\"https:\\\/\\\/degrados.es\\\/wp-content\\\/uploads\\\/2024\\\/09\\\/Vinos-cavas-vermut-mistela-valenciano.jpg\",\"articleSection\":[\"Unkategorisiert\"],\"inLanguage\":\"de\"},{\"@type\":\"WebPage\",\"@id\":\"https:\\\/\\\/degrados.es\\\/de\\\/weine-cavas-wermut-und-mistelas-fluessige-schaetze-aus-valencia\\\/\",\"url\":\"https:\\\/\\\/degrados.es\\\/de\\\/weine-cavas-wermut-und-mistelas-fluessige-schaetze-aus-valencia\\\/\",\"name\":\"Weine, Cavas, Wermut und Mistelas: fl\u00fcssige Sch\u00e4tze aus Valencia - Online Spirituosengesch\u00e4ft\",\"isPartOf\":{\"@id\":\"https:\\\/\\\/degrados.es\\\/#website\"},\"primaryImageOfPage\":{\"@id\":\"https:\\\/\\\/degrados.es\\\/de\\\/weine-cavas-wermut-und-mistelas-fluessige-schaetze-aus-valencia\\\/#primaryimage\"},\"image\":{\"@id\":\"https:\\\/\\\/degrados.es\\\/de\\\/weine-cavas-wermut-und-mistelas-fluessige-schaetze-aus-valencia\\\/#primaryimage\"},\"thumbnailUrl\":\"https:\\\/\\\/degrados.es\\\/wp-content\\\/uploads\\\/2024\\\/09\\\/Vinos-cavas-vermut-mistela-valenciano.jpg\",\"datePublished\":\"2024-12-16T10:03:46+00:00\",\"dateModified\":\"2024-12-16T10:03:47+00:00\",\"description\":\"Entdecken Sie den Reichtum der valencianischen Weine, Cavas, Wermut und Mistelas. Tradition und Geschmack in jedem Glas f\u00fcr Liebhaber guter Spirituosen.\",\"breadcrumb\":{\"@id\":\"https:\\\/\\\/degrados.es\\\/de\\\/weine-cavas-wermut-und-mistelas-fluessige-schaetze-aus-valencia\\\/#breadcrumb\"},\"inLanguage\":\"de\",\"potentialAction\":[{\"@type\":\"ReadAction\",\"target\":[\"https:\\\/\\\/degrados.es\\\/de\\\/weine-cavas-wermut-und-mistelas-fluessige-schaetze-aus-valencia\\\/\"]}]},{\"@type\":\"ImageObject\",\"inLanguage\":\"de\",\"@id\":\"https:\\\/\\\/degrados.es\\\/de\\\/weine-cavas-wermut-und-mistelas-fluessige-schaetze-aus-valencia\\\/#primaryimage\",\"url\":\"https:\\\/\\\/degrados.es\\\/wp-content\\\/uploads\\\/2024\\\/09\\\/Vinos-cavas-vermut-mistela-valenciano.jpg\",\"contentUrl\":\"https:\\\/\\\/degrados.es\\\/wp-content\\\/uploads\\\/2024\\\/09\\\/Vinos-cavas-vermut-mistela-valenciano.jpg\",\"width\":1200,\"height\":1200,\"caption\":\"Licores y vinos Valencianos\"},{\"@type\":\"BreadcrumbList\",\"@id\":\"https:\\\/\\\/degrados.es\\\/de\\\/weine-cavas-wermut-und-mistelas-fluessige-schaetze-aus-valencia\\\/#breadcrumb\",\"itemListElement\":[{\"@type\":\"ListItem\",\"position\":1,\"name\":\"Home\",\"item\":\"https:\\\/\\\/degrados.es\\\/de\\\/startseite\\\/\"},{\"@type\":\"ListItem\",\"position\":2,\"name\":\"Weine, Cavas, Wermut und Mistelas: fl\u00fcssige Sch\u00e4tze aus Valencia\"}]},{\"@type\":\"WebSite\",\"@id\":\"https:\\\/\\\/degrados.es\\\/#website\",\"url\":\"https:\\\/\\\/degrados.es\\\/\",\"name\":\"Degrados\",\"description\":\"Spirituosen online kaufen\",\"publisher\":{\"@id\":\"https:\\\/\\\/degrados.es\\\/#organization\"},\"alternateName\":\"Licorer\u00eda online\",\"potentialAction\":[{\"@type\":\"SearchAction\",\"target\":{\"@type\":\"EntryPoint\",\"urlTemplate\":\"https:\\\/\\\/degrados.es\\\/?s={search_term_string}\"},\"query-input\":{\"@type\":\"PropertyValueSpecification\",\"valueRequired\":true,\"valueName\":\"search_term_string\"}}],\"inLanguage\":\"de\"},{\"@type\":\"Organization\",\"@id\":\"https:\\\/\\\/degrados.es\\\/#organization\",\"name\":\"DeGrados\",\"url\":\"https:\\\/\\\/degrados.es\\\/\",\"logo\":{\"@type\":\"ImageObject\",\"inLanguage\":\"de\",\"@id\":\"https:\\\/\\\/degrados.es\\\/#\\\/schema\\\/logo\\\/image\\\/\",\"url\":\"https:\\\/\\\/degrados.es\\\/wp-content\\\/uploads\\\/2021\\\/02\\\/Logo-degrados.png\",\"contentUrl\":\"https:\\\/\\\/degrados.es\\\/wp-content\\\/uploads\\\/2021\\\/02\\\/Logo-degrados.png\",\"width\":350,\"height\":86,\"caption\":\"DeGrados\"},\"image\":{\"@id\":\"https:\\\/\\\/degrados.es\\\/#\\\/schema\\\/logo\\\/image\\\/\"}},{\"@type\":\"Person\",\"@id\":\"https:\\\/\\\/degrados.es\\\/#\\\/schema\\\/person\\\/2283ad7ee1a0949981489f9ba563f414\",\"name\":\"Jose\",\"image\":{\"@type\":\"ImageObject\",\"inLanguage\":\"de\",\"@id\":\"https:\\\/\\\/secure.gravatar.com\\\/avatar\\\/df5734f1e671bb80362a0338e2da107217d52f3f06d356ac080be4869db2d3e2?s=96&d=mm&r=g\",\"url\":\"https:\\\/\\\/secure.gravatar.com\\\/avatar\\\/df5734f1e671bb80362a0338e2da107217d52f3f06d356ac080be4869db2d3e2?s=96&d=mm&r=g\",\"contentUrl\":\"https:\\\/\\\/secure.gravatar.com\\\/avatar\\\/df5734f1e671bb80362a0338e2da107217d52f3f06d356ac080be4869db2d3e2?s=96&d=mm&r=g\",\"caption\":\"Jose\"},\"url\":\"https:\\\/\\\/degrados.es\\\/de\\\/author\\\/admingrados\\\/\"}]}<\/script>\n<!-- \/ Yoast SEO plugin. -->","yoast_head_json":{"title":"Weine, Cavas, Wermut und Mistelas: fl\u00fcssige Sch\u00e4tze aus Valencia - Online Spirituosengesch\u00e4ft","description":"Entdecken Sie den Reichtum der valencianischen Weine, Cavas, Wermut und Mistelas. Tradition und Geschmack in jedem Glas f\u00fcr Liebhaber guter Spirituosen.","robots":{"index":"index","follow":"follow","max-snippet":"max-snippet:-1","max-image-preview":"max-image-preview:large","max-video-preview":"max-video-preview:-1"},"canonical":"https:\/\/degrados.es\/de\/weine-cavas-wermut-und-mistelas-fluessige-schaetze-aus-valencia\/","og_locale":"de_DE","og_type":"article","og_title":"Weine, Cavas, Wermut und Mistelas: fl\u00fcssige Sch\u00e4tze aus Valencia - Online Spirituosengesch\u00e4ft","og_description":"Entdecken Sie den Reichtum der valencianischen Weine, Cavas, Wermut und Mistelas. Tradition und Geschmack in jedem Glas f\u00fcr Liebhaber guter Spirituosen.","og_url":"https:\/\/degrados.es\/de\/weine-cavas-wermut-und-mistelas-fluessige-schaetze-aus-valencia\/","og_site_name":"Online Spirituosengesch\u00e4ft","article_published_time":"2024-12-16T10:03:46+00:00","article_modified_time":"2024-12-16T10:03:47+00:00","og_image":[{"width":1200,"height":1200,"url":"https:\/\/degrados.es\/wp-content\/uploads\/2024\/09\/Vinos-cavas-vermut-mistela-valenciano.jpg","type":"image\/jpeg"}],"author":"Jose","twitter_card":"summary_large_image","twitter_misc":{"Verfasst von":"Jose","Gesch\u00e4tzte Lesezeit":"7\u00a0Minuten"},"schema":{"@context":"https:\/\/schema.org","@graph":[{"@type":"Article","@id":"https:\/\/degrados.es\/de\/weine-cavas-wermut-und-mistelas-fluessige-schaetze-aus-valencia\/#article","isPartOf":{"@id":"https:\/\/degrados.es\/de\/weine-cavas-wermut-und-mistelas-fluessige-schaetze-aus-valencia\/"},"author":{"name":"Jose","@id":"https:\/\/degrados.es\/#\/schema\/person\/2283ad7ee1a0949981489f9ba563f414"},"headline":"Weine, Cavas, Wermut und Mistelas: fl\u00fcssige Sch\u00e4tze aus Valencia","datePublished":"2024-12-16T10:03:46+00:00","dateModified":"2024-12-16T10:03:47+00:00","mainEntityOfPage":{"@id":"https:\/\/degrados.es\/de\/weine-cavas-wermut-und-mistelas-fluessige-schaetze-aus-valencia\/"},"wordCount":1349,"publisher":{"@id":"https:\/\/degrados.es\/#organization"},"image":{"@id":"https:\/\/degrados.es\/de\/weine-cavas-wermut-und-mistelas-fluessige-schaetze-aus-valencia\/#primaryimage"},"thumbnailUrl":"https:\/\/degrados.es\/wp-content\/uploads\/2024\/09\/Vinos-cavas-vermut-mistela-valenciano.jpg","articleSection":["Unkategorisiert"],"inLanguage":"de"},{"@type":"WebPage","@id":"https:\/\/degrados.es\/de\/weine-cavas-wermut-und-mistelas-fluessige-schaetze-aus-valencia\/","url":"https:\/\/degrados.es\/de\/weine-cavas-wermut-und-mistelas-fluessige-schaetze-aus-valencia\/","name":"Weine, Cavas, Wermut und Mistelas: fl\u00fcssige Sch\u00e4tze aus Valencia - Online Spirituosengesch\u00e4ft","isPartOf":{"@id":"https:\/\/degrados.es\/#website"},"primaryImageOfPage":{"@id":"https:\/\/degrados.es\/de\/weine-cavas-wermut-und-mistelas-fluessige-schaetze-aus-valencia\/#primaryimage"},"image":{"@id":"https:\/\/degrados.es\/de\/weine-cavas-wermut-und-mistelas-fluessige-schaetze-aus-valencia\/#primaryimage"},"thumbnailUrl":"https:\/\/degrados.es\/wp-content\/uploads\/2024\/09\/Vinos-cavas-vermut-mistela-valenciano.jpg","datePublished":"2024-12-16T10:03:46+00:00","dateModified":"2024-12-16T10:03:47+00:00","description":"Entdecken Sie den Reichtum der valencianischen Weine, Cavas, Wermut und Mistelas. Tradition und Geschmack in jedem Glas f\u00fcr Liebhaber guter Spirituosen.","breadcrumb":{"@id":"https:\/\/degrados.es\/de\/weine-cavas-wermut-und-mistelas-fluessige-schaetze-aus-valencia\/#breadcrumb"},"inLanguage":"de","potentialAction":[{"@type":"ReadAction","target":["https:\/\/degrados.es\/de\/weine-cavas-wermut-und-mistelas-fluessige-schaetze-aus-valencia\/"]}]},{"@type":"ImageObject","inLanguage":"de","@id":"https:\/\/degrados.es\/de\/weine-cavas-wermut-und-mistelas-fluessige-schaetze-aus-valencia\/#primaryimage","url":"https:\/\/degrados.es\/wp-content\/uploads\/2024\/09\/Vinos-cavas-vermut-mistela-valenciano.jpg","contentUrl":"https:\/\/degrados.es\/wp-content\/uploads\/2024\/09\/Vinos-cavas-vermut-mistela-valenciano.jpg","width":1200,"height":1200,"caption":"Licores y vinos Valencianos"},{"@type":"BreadcrumbList","@id":"https:\/\/degrados.es\/de\/weine-cavas-wermut-und-mistelas-fluessige-schaetze-aus-valencia\/#breadcrumb","itemListElement":[{"@type":"ListItem","position":1,"name":"Home","item":"https:\/\/degrados.es\/de\/startseite\/"},{"@type":"ListItem","position":2,"name":"Weine, Cavas, Wermut und Mistelas: fl\u00fcssige Sch\u00e4tze aus Valencia"}]},{"@type":"WebSite","@id":"https:\/\/degrados.es\/#website","url":"https:\/\/degrados.es\/","name":"Degrados","description":"Spirituosen online kaufen","publisher":{"@id":"https:\/\/degrados.es\/#organization"},"alternateName":"Licorer\u00eda online","potentialAction":[{"@type":"SearchAction","target":{"@type":"EntryPoint","urlTemplate":"https:\/\/degrados.es\/?s={search_term_string}"},"query-input":{"@type":"PropertyValueSpecification","valueRequired":true,"valueName":"search_term_string"}}],"inLanguage":"de"},{"@type":"Organization","@id":"https:\/\/degrados.es\/#organization","name":"DeGrados","url":"https:\/\/degrados.es\/","logo":{"@type":"ImageObject","inLanguage":"de","@id":"https:\/\/degrados.es\/#\/schema\/logo\/image\/","url":"https:\/\/degrados.es\/wp-content\/uploads\/2021\/02\/Logo-degrados.png","contentUrl":"https:\/\/degrados.es\/wp-content\/uploads\/2021\/02\/Logo-degrados.png","width":350,"height":86,"caption":"DeGrados"},"image":{"@id":"https:\/\/degrados.es\/#\/schema\/logo\/image\/"}},{"@type":"Person","@id":"https:\/\/degrados.es\/#\/schema\/person\/2283ad7ee1a0949981489f9ba563f414","name":"Jose","image":{"@type":"ImageObject","inLanguage":"de","@id":"https:\/\/secure.gravatar.com\/avatar\/df5734f1e671bb80362a0338e2da107217d52f3f06d356ac080be4869db2d3e2?s=96&d=mm&r=g","url":"https:\/\/secure.gravatar.com\/avatar\/df5734f1e671bb80362a0338e2da107217d52f3f06d356ac080be4869db2d3e2?s=96&d=mm&r=g","contentUrl":"https:\/\/secure.gravatar.com\/avatar\/df5734f1e671bb80362a0338e2da107217d52f3f06d356ac080be4869db2d3e2?s=96&d=mm&r=g","caption":"Jose"},"url":"https:\/\/degrados.es\/de\/author\/admingrados\/"}]}},"_links":{"self":[{"href":"https:\/\/degrados.es\/de\/wp-json\/wp\/v2\/posts\/7550","targetHints":{"allow":["GET"]}}],"collection":[{"href":"https:\/\/degrados.es\/de\/wp-json\/wp\/v2\/posts"}],"about":[{"href":"https:\/\/degrados.es\/de\/wp-json\/wp\/v2\/types\/post"}],"author":[{"embeddable":true,"href":"https:\/\/degrados.es\/de\/wp-json\/wp\/v2\/users\/1"}],"replies":[{"embeddable":true,"href":"https:\/\/degrados.es\/de\/wp-json\/wp\/v2\/comments?post=7550"}],"version-history":[{"count":0,"href":"https:\/\/degrados.es\/de\/wp-json\/wp\/v2\/posts\/7550\/revisions"}],"wp:featuredmedia":[{"embeddable":true,"href":"https:\/\/degrados.es\/de\/wp-json\/wp\/v2\/media\/3944"}],"wp:attachment":[{"href":"https:\/\/degrados.es\/de\/wp-json\/wp\/v2\/media?parent=7550"}],"wp:term":[{"taxonomy":"category","embeddable":true,"href":"https:\/\/degrados.es\/de\/wp-json\/wp\/v2\/categories?post=7550"},{"taxonomy":"post_tag","embeddable":true,"href":"https:\/\/degrados.es\/de\/wp-json\/wp\/v2\/tags?post=7550"}],"curies":[{"name":"wp","href":"https:\/\/api.w.org\/{rel}","templated":true}]}}