{"id":8289,"date":"2025-09-15T10:51:42","date_gmt":"2025-09-15T08:51:42","guid":{"rendered":"https:\/\/degrados.es\/valencianische-likoere-geschmack-tradition-und-kultur\/"},"modified":"2025-09-15T10:52:14","modified_gmt":"2025-09-15T08:52:14","slug":"valencianische-likoere-geschmack-tradition-und-kultur","status":"publish","type":"post","link":"https:\/\/degrados.es\/de\/valencianische-likoere-geschmack-tradition-und-kultur\/","title":{"rendered":"Valencianische Lik\u00f6re: Geschmack, Tradition und Kultur"},"content":{"rendered":"\t\t<div data-elementor-type=\"wp-post\" data-elementor-id=\"8289\" class=\"elementor elementor-8289 elementor-8026\">\n\t\t\t\t\t\t<section class=\"elementor-section elementor-top-section elementor-element elementor-element-504d0699 elementor-section-boxed elementor-section-height-default elementor-section-height-default\" data-id=\"504d0699\" data-element_type=\"section\">\n\t\t\t\t\t\t<div class=\"elementor-container elementor-column-gap-default\">\n\t\t\t\t\t<div class=\"elementor-column elementor-col-100 elementor-top-column elementor-element elementor-element-6d8039a2\" data-id=\"6d8039a2\" data-element_type=\"column\">\n\t\t\t<div class=\"elementor-widget-wrap elementor-element-populated\">\n\t\t\t\t\t\t<div class=\"elementor-element elementor-element-216210c1 elementor-widget elementor-widget-text-editor\" data-id=\"216210c1\" data-element_type=\"widget\" data-widget_type=\"text-editor.default\">\n\t\t\t\t<div class=\"elementor-widget-container\">\n\t\t\t\t\t\t\t\t\t\n<p>Valencianische Lik\u00f6re sind viel mehr als nur alkoholische Getr\u00e4nke; sie sind das Ergebnis jahrhundertealter Weisheit, handwerklicher Techniken und einer tiefen Beziehung zu den Produkten des Landes. Von starken Anislik\u00f6ren bis hin zu s\u00fc\u00dfen Kr\u00e4uter- und Fruchtlik\u00f6ren haben diese Getr\u00e4nke Feste, Familienessen und gesellige Momente begleitet und sind zu einem Symbol der valencianischen Identit\u00e4t geworden. In diesem Artikel werden wir die emblematischsten Lik\u00f6re der Region, ihre Geschichte, ihre Herstellungsmethoden und ihren Platz in der zeitgen\u00f6ssischen Kultur erkunden.  <\/p>\n\n<h2 class=\"wp-block-heading\">Die valencianische Spirituosentradition<\/h2>\n\n<p>Die Herstellung von Lik\u00f6ren in der Comunidad Valenciana hat tiefe Wurzeln, die bis ins Mittelalter zur\u00fcckreichen. M\u00f6nche und Alchimisten mit ihrem Wissen \u00fcber Destillation und die Eigenschaften von Pflanzen waren die ersten, die mit Spirituosen experimentierten, von denen viele zu medizinischen Zwecken verwendet wurden. Im Laufe der Zeit gingen diese Rezepte in die H\u00e4nde lokaler Familien und Brennereien \u00fcber, die die Techniken perfektionierten und die Lik\u00f6re an den valencianischen Gaumen anpassten. Heute sind die valencianischen Lik\u00f6re f\u00fcr ihre Qualit\u00e4t, ihr handwerkliches K\u00f6nnen und ihre Vielfalt bekannt und reichen von s\u00fc\u00dfen Getr\u00e4nken bis zu hochprozentigen Spirituosen.   <\/p>\n\n<p>Die Comunidad Valenciana mit ihrem mediterranen Klima und ihrem landwirtschaftlichen Reichtum bietet ein au\u00dfergew\u00f6hnliches Rohmaterial f\u00fcr die Herstellung von Lik\u00f6ren. Aromatische Kr\u00e4uter aus der Sierra de Mariola, Orangen aus den Obstg\u00e4rten, <a href=\"https:\/\/degrados.es\/licor-horchata-y-alternativa\/\" target=\"_blank\" rel=\"noopener\">Erdmandeln<\/a> aus l&#8217;Horta Nord und Trauben aus den Weinbergen sind nur einige der Zutaten, die diesen einzigartigen Getr\u00e4nken Leben einhauchen. Dar\u00fcber hinaus hat der Einfluss arabischer, christlicher und j\u00fcdischer Traditionen unausl\u00f6schliche Spuren in der Art und Weise hinterlassen, wie diese Lik\u00f6re hergestellt und konsumiert werden.  <\/p>\n\n<h2 class=\"wp-block-heading\">Die emblematischsten Lik\u00f6re<\/h2>\n\n<h3 class=\"wp-block-heading\">1. mistela: Der s\u00fc\u00dfe Geschmack von Weintrauben<\/h3>\n\n<p><a href=\"https:\/\/degrados.es\/pasion-por-las-uvas\/\" target=\"_blank\" rel=\"noopener\">Mistela<\/a> ist zweifellos einer der beliebtesten Lik\u00f6re der Valencianischen Gemeinschaft. Hergestellt aus Traubenmost, in der Regel der Sorte Moscatel, dem Alkohol zugesetzt wird, um die G\u00e4rung zu stoppen, bewahrt Mistela die nat\u00fcrliche S\u00fc\u00dfe der Frucht. Dieser Lik\u00f6r, der wei\u00df oder rot sein kann, hat einen Alkoholgehalt zwischen 15 und 20 Grad und zeichnet sich durch seinen weichen, s\u00fc\u00dfen Geschmack aus, der sich ideal als Begleiter von Desserts oder als Aperitif eignet.  <\/p>\n\n<p>Mistela ist besonders in St\u00e4dten wie Tur\u00eds, Xal\u00f3, D\u00e9nia, Cheste und Casinos beliebt, wo einige der beliebtesten Sorten hergestellt werden. Er wird gek\u00fchlt serviert, oft in kleinen Gl\u00e4sern, und ist eine traditionelle Beilage zu S\u00fc\u00dfigkeiten wie S\u00fc\u00dfkartoffelpasteten oder gezuckerten Mandeln. Aufgrund seiner Vielseitigkeit eignet er sich auch hervorragend f\u00fcr Cocktails wie den ber\u00fchmten &#8222;Barrejat&#8220;, eine Mischung aus Mistela und Cazalla, die zwar heute weniger verbreitet ist, aber in einigen l\u00e4ndlichen Gegenden immer noch ein Klassiker ist.  <\/p>\n\n<h3 class=\"wp-block-heading\">2. Cazalla (Cassalla): Der Geist des Anis<\/h3>\n\n<p><a href=\"https:\/\/degrados.es\/cazalla-licor\/\" target=\"_blank\" rel=\"noopener\">Cazalla, oder Cassalla auf Valencianisch<\/a>, ist ein Lik\u00f6r mit Anisgeschmack und einem hohen Alkoholgehalt (zwischen 40 und 55 Prozent), der zu einem Symbol der valencianischen Feste geworden ist, von den Fallas bis zu den Festen der Mauren und Christen. Obwohl sein Name von Cazalla de la Sierra in Sevilla stammt, wo er zuerst hergestellt wurde, hat sich die valencianische Gemeinschaft diesen Lik\u00f6r zu eigen gemacht, insbesondere in St\u00e4dten wie Aielo de Malferit, wo einer der bekanntesten Cazallas Spaniens hergestellt wird. <\/p>\n\n<p>Zur Herstellung von Cazalla wird gr\u00fcner Anis oder Sternanis zusammen mit Wasser und Zucker destilliert und mindestens zehn Tage lang ruhen gelassen. Sein intensiver Geschmack und sein erfrischender Charakter machen ihn zu einem idealen Getr\u00e4nk vor einer Mahlzeit, da er den Appetit anregen und die Verdauung f\u00f6rdern soll. Er wird traditionell sehr kalt serviert, manchmal direkt aus dem Gefrierschrank, und kann mit Wasser (in dem als &#8218;Paloma&#8216; bekannten Verh\u00e4ltnis) oder mit einem Hauch Zitrone gemischt werden, um die leichtere, zitrusartige &#8218;Canario&#8216; Variante zu kreieren.  <\/p>\n\t\t\t\t\t\t\t\t<\/div>\n\t\t\t\t<\/div>\n\t\t\t\t<div class=\"elementor-element elementor-element-fcd59d0 arrow-style-1 elementor-widget elementor-widget-liquory-products\" data-id=\"fcd59d0\" data-element_type=\"widget\" data-widget_type=\"liquory-products.default\">\n\t\t\t\t<div class=\"elementor-widget-container\">\n\t\t\t\t\t<div class=\"woocommerce columns-3  columns-tablet-2 columns-mobile-1\"><div class=\"liquory-products-spacing \">\n        <ul class=\"liquory-products products columns-3\">\n\n<li class=\"product type-product post-2759 status-publish first instock product_cat-herbero-de product_cat-spirituosen product_tag-aromatische-krauter product_tag-cantueso-de product_tag-herbero-de product_tag-mesclaet-de product_tag-sierra-de-mariola-de product_tag-spirituosen has-post-thumbnail sale taxable shipping-taxable purchasable product-type-simple\">\n\t<div class=\"product-block\"><div class=\"product-transition\">\n\t<div class=\"label-wrapper\"><span class=\"onsale\">-5%<\/span><\/div>\n\t<img fetchpriority=\"high\" decoding=\"async\" width=\"460\" height=\"460\" src=\"https:\/\/degrados.es\/wp-content\/uploads\/2022\/02\/Licor-de-Cantueso-1-460x460.webp\" class=\"attachment-woocommerce_thumbnail size-woocommerce_thumbnail\" alt=\"Licor de hierbas Cantueso\" srcset=\"https:\/\/degrados.es\/wp-content\/uploads\/2022\/02\/Licor-de-Cantueso-1-460x460.webp 460w, https:\/\/degrados.es\/wp-content\/uploads\/2022\/02\/Licor-de-Cantueso-1-100x100.webp 100w, https:\/\/degrados.es\/wp-content\/uploads\/2022\/02\/Licor-de-Cantueso-1-800x800.webp 800w, https:\/\/degrados.es\/wp-content\/uploads\/2022\/02\/Licor-de-Cantueso-1-300x300.webp 300w, https:\/\/degrados.es\/wp-content\/uploads\/2022\/02\/Licor-de-Cantueso-1-150x150.webp 150w, https:\/\/degrados.es\/wp-content\/uploads\/2022\/02\/Licor-de-Cantueso-1-768x768.webp 768w, https:\/\/degrados.es\/wp-content\/uploads\/2022\/02\/Licor-de-Cantueso-1-64x64.webp 64w, https:\/\/degrados.es\/wp-content\/uploads\/2022\/02\/Licor-de-Cantueso-1.webp 1000w\" sizes=\"(max-width: 460px) 100vw, 460px\" \/>        <div class=\"group-action\">\n        <div class=\"shop-action\">\n        <button class=\"woosw-btn woosw-btn-2759\" data-id=\"2759\" data-product_name=\"Traditionelle Lik\u00f6re Mesclaet 100cl.\" data-product_image=\"https:\/\/degrados.es\/wp-content\/uploads\/2022\/02\/Licor-de-Cantueso-1-150x150.webp\" aria-label=\"Add to wishlist\">Add to wishlist<\/button><button class=\"woosq-btn woosq-btn-2759\" data-id=\"2759\" data-effect=\"mfp-3d-unfold\" data-context=\"default\">Schnellansicht<\/button><button class=\"woosc-btn woosc-btn-2759 \" data-text=\"Compare\" data-text_added=\"Compare\" data-id=\"2759\" data-product_id=\"2759\" data-product_name=\"Traditionelle Lik\u00f6re Mesclaet 100cl.\" data-product_image=\"https:\/\/degrados.es\/wp-content\/uploads\/2022\/02\/Licor-de-Cantueso-1-150x150.webp\">Compare<\/button>        <\/div>\n        <\/div>\n        <a href=\"https:\/\/degrados.es\/de\/producto\/traditionelle-likoere-mesclaet-100cl\/\" class=\"woocommerce-LoopProduct-link woocommerce-loop-product__link\"><\/a><\/div><div class=\"product-caption\"><h3 class=\"woocommerce-loop-product__title\"><a href=\"https:\/\/degrados.es\/de\/producto\/traditionelle-likoere-mesclaet-100cl\/\">Traditionelle Lik\u00f6re Mesclaet 100cl.<\/a><\/h3><div class=\"count-review\"><div class=\"star-rating\"><\/div><span><\/span><\/div>\n\t<span class=\"price\"><del aria-hidden=\"true\"><span class=\"woocommerce-Price-amount amount\"><bdi>13,97<span class=\"woocommerce-Price-currencySymbol\">&euro;<\/span><\/bdi><\/span><\/del> <span class=\"screen-reader-text\">Urspr\u00fcnglicher Preis war: 13,97&euro;<\/span><ins aria-hidden=\"true\"><span class=\"woocommerce-Price-amount amount\"><bdi>13,27<span class=\"woocommerce-Price-currencySymbol\">&euro;<\/span><\/bdi><\/span><\/ins><span class=\"screen-reader-text\">Aktueller Preis ist: 13,27&euro;.<\/span> <small class=\"woocommerce-price-suffix\">IVA Incluido<\/small><\/span>\n<span class=\"inventory_status\"><span class=\"stock-title screen-reader-text\">Verf\u00fcgbarkeit:<\/span> Vorr\u00e4tig<\/span><div class=\"product-caption-bottom\"><form action=\"\/de\/wp-json\/wp\/v2\/posts\/8289?add-to-cart=2759\" class=\"cart\" method=\"post\" enctype=\"multipart\/form-data\">    <div class=\"quantity_wrap\">\n        <label class=\"quantity_label\" for=\"quantity_69f0ec4a1f124\">Menge<\/label>\n        <div class=\"quantity\">\n                        <input\n                    type=\"number\"\n                    id=\"quantity_69f0ec4a1f124\"\n                    class=\"input-text qty text\"\n                    step=\"1\"\n                    min=\"1\"\n                    max=\"999\"\n                    name=\"quantity\"\n                    value=\"1\"\n                    title=\"Menge\"\n                    placeholder=\"\"\n                    inputmode=\"numeric\"\/>\n                    <\/div>\n    <\/div>\n    <button type=\"submit\" data-quantity=\"1\" data-product_id=\"2759\" class=\"button alt ajax_add_to_cart add_to_cart_button product_type_simple\">In den Warenkorb<\/button><input\n                    class=\"apbct_special_field apbct_email_id__elementor_form\"\n                    name=\"apbct__email_id__elementor_form\"\n                    aria-label=\"apbct__label_id__elementor_form\"\n                    type=\"text\" size=\"30\" maxlength=\"200\" autocomplete=\"off\"\n                    value=\"\"\n                \/><\/form>\t<span id=\"woocommerce_loop_add_to_cart_link_describedby_2759\" class=\"screen-reader-text\">\n\t\t\t<\/span>\n<\/div><\/div><\/div><\/li>\n<li class=\"product type-product post-2748 status-publish instock product_cat-herbero-de product_cat-spirituosen product_tag-aromatische-krauter product_tag-salbei-likor product_tag-sierra-de-mariola-de product_tag-spirituosen has-post-thumbnail sale taxable shipping-taxable purchasable product-type-simple\">\n\t<div class=\"product-block\"><div class=\"product-transition\">\n\t<div class=\"label-wrapper\"><span class=\"onsale\">-5%<\/span><\/div>\n\t<img decoding=\"async\" width=\"430\" height=\"430\" src=\"https:\/\/degrados.es\/wp-content\/uploads\/2022\/02\/Licor-de-salvia.webp\" class=\"attachment-woocommerce_thumbnail size-woocommerce_thumbnail\" alt=\"Salbei-Lik\u00f6r kaufen\" srcset=\"https:\/\/degrados.es\/wp-content\/uploads\/2022\/02\/Licor-de-salvia.webp 430w, https:\/\/degrados.es\/wp-content\/uploads\/2022\/02\/Licor-de-salvia-100x100.webp 100w, https:\/\/degrados.es\/wp-content\/uploads\/2022\/02\/Licor-de-salvia-300x300.webp 300w, https:\/\/degrados.es\/wp-content\/uploads\/2022\/02\/Licor-de-salvia-150x150.webp 150w\" sizes=\"(max-width: 430px) 100vw, 430px\" \/>        <div class=\"group-action\">\n        <div class=\"shop-action\">\n        <button class=\"woosw-btn woosw-btn-2748\" data-id=\"2748\" data-product_name=\"Traditioneller Salbei-Lik\u00f6r 100cl.\" data-product_image=\"https:\/\/degrados.es\/wp-content\/uploads\/2022\/02\/Licor-de-salvia-150x150.webp\" aria-label=\"Add to wishlist\">Add to wishlist<\/button><button class=\"woosq-btn woosq-btn-2748\" data-id=\"2748\" data-effect=\"mfp-3d-unfold\" data-context=\"default\">Schnellansicht<\/button><button class=\"woosc-btn woosc-btn-2748 \" data-text=\"Compare\" data-text_added=\"Compare\" data-id=\"2748\" data-product_id=\"2748\" data-product_name=\"Traditioneller Salbei-Lik\u00f6r 100cl.\" data-product_image=\"https:\/\/degrados.es\/wp-content\/uploads\/2022\/02\/Licor-de-salvia-150x150.webp\">Compare<\/button>        <\/div>\n        <\/div>\n        <a href=\"https:\/\/degrados.es\/de\/producto\/traditioneller-salbei-likoer-100cl\/\" class=\"woocommerce-LoopProduct-link woocommerce-loop-product__link\"><\/a><\/div><div class=\"product-caption\"><h3 class=\"woocommerce-loop-product__title\"><a href=\"https:\/\/degrados.es\/de\/producto\/traditioneller-salbei-likoer-100cl\/\">Traditioneller Salbei-Lik\u00f6r 100cl.<\/a><\/h3><div class=\"count-review\"><div class=\"star-rating\"><\/div><span><\/span><\/div>\n\t<span class=\"price\"><del aria-hidden=\"true\"><span class=\"woocommerce-Price-amount amount\"><bdi>10,75<span class=\"woocommerce-Price-currencySymbol\">&euro;<\/span><\/bdi><\/span><\/del> <span class=\"screen-reader-text\">Urspr\u00fcnglicher Preis war: 10,75&euro;<\/span><ins aria-hidden=\"true\"><span class=\"woocommerce-Price-amount amount\"><bdi>10,21<span class=\"woocommerce-Price-currencySymbol\">&euro;<\/span><\/bdi><\/span><\/ins><span class=\"screen-reader-text\">Aktueller Preis ist: 10,21&euro;.<\/span> <small class=\"woocommerce-price-suffix\">IVA Incluido<\/small><\/span>\n<span class=\"inventory_status\"><span class=\"stock-title screen-reader-text\">Verf\u00fcgbarkeit:<\/span> Vorr\u00e4tig<\/span><div class=\"product-caption-bottom\"><form action=\"\/de\/wp-json\/wp\/v2\/posts\/8289?add-to-cart=2748\" class=\"cart\" method=\"post\" enctype=\"multipart\/form-data\">    <div class=\"quantity_wrap\">\n        <label class=\"quantity_label\" for=\"quantity_69f0ec4a2edf1\">Menge<\/label>\n        <div class=\"quantity\">\n                        <input\n                    type=\"number\"\n                    id=\"quantity_69f0ec4a2edf1\"\n                    class=\"input-text qty text\"\n                    step=\"1\"\n                    min=\"1\"\n                    max=\"999\"\n                    name=\"quantity\"\n                    value=\"1\"\n                    title=\"Menge\"\n                    placeholder=\"\"\n                    inputmode=\"numeric\"\/>\n                    <\/div>\n    <\/div>\n    <button type=\"submit\" data-quantity=\"1\" data-product_id=\"2748\" class=\"button alt ajax_add_to_cart add_to_cart_button product_type_simple\">In den Warenkorb<\/button><input\n                    class=\"apbct_special_field apbct_email_id__elementor_form\"\n                    name=\"apbct__email_id__elementor_form\"\n                    aria-label=\"apbct__label_id__elementor_form\"\n                    type=\"text\" size=\"30\" maxlength=\"200\" autocomplete=\"off\"\n                    value=\"\"\n                \/><\/form>\t<span id=\"woocommerce_loop_add_to_cart_link_describedby_2748\" class=\"screen-reader-text\">\n\t\t\t<\/span>\n<\/div><\/div><\/div><\/li>\n<li class=\"product type-product post-2761 status-publish last instock product_cat-herbero-mistela product_cat-licores product_tag-hierbas-aromaticas product_tag-herbero product_tag-sierra-de-mariola has-post-thumbnail sale taxable shipping-taxable purchasable product-type-simple\">\n\t<div class=\"product-block\"><div class=\"product-transition\">\n\t<div class=\"label-wrapper\"><span class=\"onsale\">-5%<\/span><\/div>\n\t<img decoding=\"async\" width=\"430\" height=\"430\" src=\"https:\/\/degrados.es\/wp-content\/uploads\/2022\/02\/Comprar-herbero.webp\" class=\"attachment-woocommerce_thumbnail size-woocommerce_thumbnail\" alt=\"Herbero online kaufen\" srcset=\"https:\/\/degrados.es\/wp-content\/uploads\/2022\/02\/Comprar-herbero.webp 430w, https:\/\/degrados.es\/wp-content\/uploads\/2022\/02\/Comprar-herbero-100x100.webp 100w, https:\/\/degrados.es\/wp-content\/uploads\/2022\/02\/Comprar-herbero-300x300.webp 300w, https:\/\/degrados.es\/wp-content\/uploads\/2022\/02\/Comprar-herbero-150x150.webp 150w\" sizes=\"(max-width: 430px) 100vw, 430px\" \/>        <div class=\"group-action\">\n        <div class=\"shop-action\">\n        <button class=\"woosw-btn woosw-btn-2761\" data-id=\"2761\" data-product_name=\"Herbero de la Sierra de Mariola\" data-product_image=\"https:\/\/degrados.es\/wp-content\/uploads\/2022\/02\/Comprar-herbero-150x150.webp\" aria-label=\"Add to wishlist\">Add to wishlist<\/button><button class=\"woosq-btn woosq-btn-2761\" data-id=\"2761\" data-effect=\"mfp-3d-unfold\" data-context=\"default\">Schnellansicht<\/button><button class=\"woosc-btn woosc-btn-2761 \" data-text=\"Compare\" data-text_added=\"Compare\" data-id=\"2761\" data-product_id=\"2761\" data-product_name=\"Herbero de la Sierra de Mariola\" data-product_image=\"https:\/\/degrados.es\/wp-content\/uploads\/2022\/02\/Comprar-herbero-150x150.webp\">Compare<\/button>        <\/div>\n        <\/div>\n        <a href=\"https:\/\/degrados.es\/de\/producto\/herbero-de-la-sierra-de-mariola\/\" class=\"woocommerce-LoopProduct-link woocommerce-loop-product__link\"><\/a><\/div><div class=\"product-caption\"><h3 class=\"woocommerce-loop-product__title\"><a href=\"https:\/\/degrados.es\/de\/producto\/herbero-de-la-sierra-de-mariola\/\">Herbero de la Sierra de Mariola<\/a><\/h3><div class=\"count-review\"><div class=\"star-rating\"><\/div><span><\/span><\/div>\n\t<span class=\"price\"><del aria-hidden=\"true\"><span class=\"woocommerce-Price-amount amount\"><bdi>11,50<span class=\"woocommerce-Price-currencySymbol\">&euro;<\/span><\/bdi><\/span><\/del> <span class=\"screen-reader-text\">Urspr\u00fcnglicher Preis war: 11,50&euro;<\/span><ins aria-hidden=\"true\"><span class=\"woocommerce-Price-amount amount\"><bdi>10,92<span class=\"woocommerce-Price-currencySymbol\">&euro;<\/span><\/bdi><\/span><\/ins><span class=\"screen-reader-text\">Aktueller Preis ist: 10,92&euro;.<\/span> <small class=\"woocommerce-price-suffix\">IVA Incluido<\/small><\/span>\n<span class=\"inventory_status\"><span class=\"stock-title screen-reader-text\">Verf\u00fcgbarkeit:<\/span> Vorr\u00e4tig<\/span><div class=\"product-caption-bottom\"><form action=\"\/de\/wp-json\/wp\/v2\/posts\/8289?add-to-cart=2761\" class=\"cart\" method=\"post\" enctype=\"multipart\/form-data\">    <div class=\"quantity_wrap\">\n        <label class=\"quantity_label\" for=\"quantity_69f0ec4a3f7eb\">Menge<\/label>\n        <div class=\"quantity\">\n                        <input\n                    type=\"number\"\n                    id=\"quantity_69f0ec4a3f7eb\"\n                    class=\"input-text qty text\"\n                    step=\"1\"\n                    min=\"1\"\n                    max=\"999\"\n                    name=\"quantity\"\n                    value=\"1\"\n                    title=\"Menge\"\n                    placeholder=\"\"\n                    inputmode=\"numeric\"\/>\n                    <\/div>\n    <\/div>\n    <button type=\"submit\" data-quantity=\"1\" data-product_id=\"2761\" class=\"button alt ajax_add_to_cart add_to_cart_button product_type_simple\">In den Warenkorb<\/button><input\n                    class=\"apbct_special_field apbct_email_id__elementor_form\"\n                    name=\"apbct__email_id__elementor_form\"\n                    aria-label=\"apbct__label_id__elementor_form\"\n                    type=\"text\" size=\"30\" maxlength=\"200\" autocomplete=\"off\"\n                    value=\"\"\n                \/><\/form>\t<span id=\"woocommerce_loop_add_to_cart_link_describedby_2761\" class=\"screen-reader-text\">\n\t\t\t<\/span>\n<\/div><\/div><\/div><\/li>\n<li class=\"product type-product post-2736 status-publish first instock product_cat-herbero-de product_cat-spirituosen product_tag-aromatische-krauter product_tag-herbero-de product_tag-sierra-de-mariola-de has-post-thumbnail sale taxable shipping-taxable purchasable product-type-simple\">\n\t<div class=\"product-block\"><div class=\"product-transition\">\n\t<div class=\"label-wrapper\"><span class=\"onsale\">-5%<\/span><\/div>\n\t<img loading=\"lazy\" decoding=\"async\" width=\"287\" height=\"300\" src=\"https:\/\/degrados.es\/wp-content\/uploads\/2022\/02\/Herbero-mariola-287x300.webp\" class=\"attachment-woocommerce_thumbnail size-woocommerce_thumbnail\" alt=\"Herbero La Cava\" \/>        <div class=\"group-action\">\n        <div class=\"shop-action\">\n        <button class=\"woosw-btn woosw-btn-2736\" data-id=\"2736\" data-product_name=\"Herbero La Cava\" data-product_image=\"https:\/\/degrados.es\/wp-content\/uploads\/2022\/02\/Herbero-mariola-150x150.webp\" aria-label=\"Add to wishlist\">Add to wishlist<\/button><button class=\"woosq-btn woosq-btn-2736\" data-id=\"2736\" data-effect=\"mfp-3d-unfold\" data-context=\"default\">Schnellansicht<\/button><button class=\"woosc-btn woosc-btn-2736 \" data-text=\"Compare\" data-text_added=\"Compare\" data-id=\"2736\" data-product_id=\"2736\" data-product_name=\"Herbero La Cava\" data-product_image=\"https:\/\/degrados.es\/wp-content\/uploads\/2022\/02\/Herbero-mariola-150x150.webp\">Compare<\/button>        <\/div>\n        <\/div>\n        <a href=\"https:\/\/degrados.es\/de\/producto\/herbero-la-cava\/\" class=\"woocommerce-LoopProduct-link woocommerce-loop-product__link\"><\/a><\/div><div class=\"product-caption\"><h3 class=\"woocommerce-loop-product__title\"><a href=\"https:\/\/degrados.es\/de\/producto\/herbero-la-cava\/\">Herbero La Cava<\/a><\/h3><div class=\"count-review\"><div class=\"star-rating\"><\/div><span><\/span><\/div>\n\t<span class=\"price\"><del aria-hidden=\"true\"><span class=\"woocommerce-Price-amount amount\"><bdi>10,97<span class=\"woocommerce-Price-currencySymbol\">&euro;<\/span><\/bdi><\/span><\/del> <span class=\"screen-reader-text\">Urspr\u00fcnglicher Preis war: 10,97&euro;<\/span><ins aria-hidden=\"true\"><span class=\"woocommerce-Price-amount amount\"><bdi>10,42<span class=\"woocommerce-Price-currencySymbol\">&euro;<\/span><\/bdi><\/span><\/ins><span class=\"screen-reader-text\">Aktueller Preis ist: 10,42&euro;.<\/span> <small class=\"woocommerce-price-suffix\">IVA Incluido<\/small><\/span>\n<span class=\"inventory_status\"><span class=\"stock-title screen-reader-text\">Verf\u00fcgbarkeit:<\/span> Vorr\u00e4tig<\/span><div class=\"product-caption-bottom\"><form action=\"\/de\/wp-json\/wp\/v2\/posts\/8289?add-to-cart=2736\" class=\"cart\" method=\"post\" enctype=\"multipart\/form-data\">    <div class=\"quantity_wrap\">\n        <label class=\"quantity_label\" for=\"quantity_69f0ec4a4ad5d\">Menge<\/label>\n        <div class=\"quantity\">\n                        <input\n                    type=\"number\"\n                    id=\"quantity_69f0ec4a4ad5d\"\n                    class=\"input-text qty text\"\n                    step=\"1\"\n                    min=\"1\"\n                    max=\"999\"\n                    name=\"quantity\"\n                    value=\"1\"\n                    title=\"Menge\"\n                    placeholder=\"\"\n                    inputmode=\"numeric\"\/>\n                    <\/div>\n    <\/div>\n    <button type=\"submit\" data-quantity=\"1\" data-product_id=\"2736\" class=\"button alt ajax_add_to_cart add_to_cart_button product_type_simple\">In den Warenkorb<\/button><input\n                    class=\"apbct_special_field apbct_email_id__elementor_form\"\n                    name=\"apbct__email_id__elementor_form\"\n                    aria-label=\"apbct__label_id__elementor_form\"\n                    type=\"text\" size=\"30\" maxlength=\"200\" autocomplete=\"off\"\n                    value=\"\"\n                \/><\/form>\t<span id=\"woocommerce_loop_add_to_cart_link_describedby_2736\" class=\"screen-reader-text\">\n\t\t\t<\/span>\n<\/div><\/div><\/div><\/li>\n<li class=\"product type-product post-2779 status-publish outofstock product_cat-herbero-de product_cat-spirituosen product_tag-alicante-de product_tag-mistela-de product_tag-teulada-de has-post-thumbnail sale taxable shipping-taxable purchasable product-type-simple\">\n\t<div class=\"product-block\"><div class=\"product-transition\">\n\t<div class=\"label-wrapper\"><span class=\"onsale\">-5%<\/span><\/div>\n\t<img loading=\"lazy\" decoding=\"async\" width=\"460\" height=\"460\" src=\"https:\/\/degrados.es\/wp-content\/uploads\/2021\/05\/mistela-teulada-antonio-llobell-cap-or-460x460.jpg\" class=\"attachment-woocommerce_thumbnail size-woocommerce_thumbnail\" alt=\"Mistela Cap d&#039;or Teulada\" srcset=\"https:\/\/degrados.es\/wp-content\/uploads\/2021\/05\/mistela-teulada-antonio-llobell-cap-or-460x460.jpg 460w, https:\/\/degrados.es\/wp-content\/uploads\/2021\/05\/mistela-teulada-antonio-llobell-cap-or-100x100.jpg 100w, https:\/\/degrados.es\/wp-content\/uploads\/2021\/05\/mistela-teulada-antonio-llobell-cap-or-150x150.jpg 150w, https:\/\/degrados.es\/wp-content\/uploads\/2021\/05\/mistela-teulada-antonio-llobell-cap-or-512x512.jpg 512w, https:\/\/degrados.es\/wp-content\/uploads\/2021\/05\/mistela-teulada-antonio-llobell-cap-or-420x420.jpg 420w, https:\/\/degrados.es\/wp-content\/uploads\/2021\/05\/mistela-teulada-antonio-llobell-cap-or-75x75.jpg 75w, https:\/\/degrados.es\/wp-content\/uploads\/2021\/05\/mistela-teulada-antonio-llobell-cap-or-300x300.jpg 300w\" sizes=\"(max-width: 460px) 100vw, 460px\" \/>        <div class=\"group-action\">\n        <div class=\"shop-action\">\n        <button class=\"woosw-btn woosw-btn-2779\" data-id=\"2779\" data-product_name=\"Mistela de Teulda - Cap d&#039;Or Antonio Llobell\" data-product_image=\"https:\/\/degrados.es\/wp-content\/uploads\/2021\/05\/mistela-teulada-antonio-llobell-cap-or-150x150.jpg\" aria-label=\"Add to wishlist\">Add to wishlist<\/button><button class=\"woosq-btn woosq-btn-2779\" data-id=\"2779\" data-effect=\"mfp-3d-unfold\" data-context=\"default\">Schnellansicht<\/button><button class=\"woosc-btn woosc-btn-2779 \" data-text=\"Compare\" data-text_added=\"Compare\" data-id=\"2779\" data-product_id=\"2779\" data-product_name=\"Mistela de Teulda - Cap d&#039;Or Antonio Llobell\" data-product_image=\"https:\/\/degrados.es\/wp-content\/uploads\/2021\/05\/mistela-teulada-antonio-llobell-cap-or-150x150.jpg\">Compare<\/button>        <\/div>\n        <\/div>\n        <a href=\"https:\/\/degrados.es\/de\/producto\/mistela-de-teulda-cap-dor-antonio-llobell\/\" class=\"woocommerce-LoopProduct-link woocommerce-loop-product__link\"><\/a><\/div><div class=\"product-caption\"><h3 class=\"woocommerce-loop-product__title\"><a href=\"https:\/\/degrados.es\/de\/producto\/mistela-de-teulda-cap-dor-antonio-llobell\/\">Mistela de Teulda &#8211; Cap d&#8217;Or Antonio Llobell<\/a><\/h3><div class=\"count-review\"><div class=\"star-rating\"><\/div><span><\/span><\/div>\n\t<span class=\"price\"><del aria-hidden=\"true\"><span class=\"woocommerce-Price-amount amount\"><bdi>12,28<span class=\"woocommerce-Price-currencySymbol\">&euro;<\/span><\/bdi><\/span><\/del> <span class=\"screen-reader-text\">Urspr\u00fcnglicher Preis war: 12,28&euro;<\/span><ins aria-hidden=\"true\"><span class=\"woocommerce-Price-amount amount\"><bdi>11,67<span class=\"woocommerce-Price-currencySymbol\">&euro;<\/span><\/bdi><\/span><\/ins><span class=\"screen-reader-text\">Aktueller Preis ist: 11,67&euro;.<\/span> <small class=\"woocommerce-price-suffix\">IVA Incluido<\/small><\/span>\n<span class=\"inventory_status out-stock\"><span class=\"stock-title screen-reader-text\">Verf\u00fcgbarkeit:<\/span> Nicht auf Lager<\/span><div class=\"product-caption-bottom\"><a href=\"https:\/\/degrados.es\/de\/producto\/mistela-de-teulda-cap-dor-antonio-llobell\/\" aria-describedby=\"woocommerce_loop_add_to_cart_link_describedby_2779\" data-quantity=\"1\" class=\"button product_type_simple\" data-product_id=\"2779\" data-product_sku=\"D1G2\" aria-label=\"Lese mehr \u00fcber &#8222;Mistela de Teulda - Cap d&#039;Or Antonio Llobell&#8220;\" rel=\"nofollow\" data-success_message=\"\">Weiterlesen<\/a>\t<span id=\"woocommerce_loop_add_to_cart_link_describedby_2779\" class=\"screen-reader-text\">\n\t\t\t<\/span>\n<\/div><\/div><\/div><\/li>\n<li class=\"product type-product post-2787 status-publish last instock product_cat-herbal-liqueur product_cat-liqueurs product_tag-mistela-en product_tag-muscatel product_tag-teulada-en has-post-thumbnail sale taxable shipping-taxable purchasable product-type-simple\">\n\t<div class=\"product-block\"><div class=\"product-transition\">\n\t<div class=\"label-wrapper\"><span class=\"onsale\">-5%<\/span><\/div>\n\t<img loading=\"lazy\" decoding=\"async\" width=\"460\" height=\"460\" src=\"https:\/\/degrados.es\/wp-content\/uploads\/2021\/05\/mistela-moscatel-teulada-cims-460x460.jpg\" class=\"attachment-woocommerce_thumbnail size-woocommerce_thumbnail\" alt=\"Teulada Muskateller Mistela\" srcset=\"https:\/\/degrados.es\/wp-content\/uploads\/2021\/05\/mistela-moscatel-teulada-cims-460x460.jpg 460w, https:\/\/degrados.es\/wp-content\/uploads\/2021\/05\/mistela-moscatel-teulada-cims-100x100.jpg 100w, https:\/\/degrados.es\/wp-content\/uploads\/2021\/05\/mistela-moscatel-teulada-cims-300x300.jpg 300w, https:\/\/degrados.es\/wp-content\/uploads\/2021\/05\/mistela-moscatel-teulada-cims-150x150.jpg 150w, https:\/\/degrados.es\/wp-content\/uploads\/2021\/05\/mistela-moscatel-teulada-cims-512x512.jpg 512w, https:\/\/degrados.es\/wp-content\/uploads\/2021\/05\/mistela-moscatel-teulada-cims-420x420.jpg 420w, https:\/\/degrados.es\/wp-content\/uploads\/2021\/05\/mistela-moscatel-teulada-cims-75x75.jpg 75w, https:\/\/degrados.es\/wp-content\/uploads\/2021\/05\/mistela-moscatel-teulada-cims-600x600.jpg 600w, https:\/\/degrados.es\/wp-content\/uploads\/2021\/05\/mistela-moscatel-teulada-cims.jpg 688w\" sizes=\"(max-width: 460px) 100vw, 460px\" \/>        <div class=\"group-action\">\n        <div class=\"shop-action\">\n        <button class=\"woosw-btn woosw-btn-2787\" data-id=\"2787\" data-product_name=\"Moscatel Mistela - Cims del Mediterrani 75 cl\" data-product_image=\"https:\/\/degrados.es\/wp-content\/uploads\/2021\/05\/mistela-moscatel-teulada-cims-150x150.jpg\" aria-label=\"Add to wishlist\">Add to wishlist<\/button><button class=\"woosq-btn woosq-btn-2787\" data-id=\"2787\" data-effect=\"mfp-3d-unfold\" data-context=\"default\">Schnellansicht<\/button><button class=\"woosc-btn woosc-btn-2787 \" data-text=\"Compare\" data-text_added=\"Compare\" data-id=\"2787\" data-product_id=\"2787\" data-product_name=\"Moscatel Mistela - Cims del Mediterrani 75 cl\" data-product_image=\"https:\/\/degrados.es\/wp-content\/uploads\/2021\/05\/mistela-moscatel-teulada-cims-150x150.jpg\">Compare<\/button>        <\/div>\n        <\/div>\n        <a href=\"https:\/\/degrados.es\/de\/producto\/moscatel-mistela-cims-del-mediterrani-75-cl\/\" class=\"woocommerce-LoopProduct-link woocommerce-loop-product__link\"><\/a><\/div><div class=\"product-caption\"><h3 class=\"woocommerce-loop-product__title\"><a href=\"https:\/\/degrados.es\/de\/producto\/moscatel-mistela-cims-del-mediterrani-75-cl\/\">Moscatel Mistela &#8211; Cims del Mediterrani 75 cl<\/a><\/h3><div class=\"count-review\"><div class=\"star-rating\"><\/div><span><\/span><\/div>\n\t<span class=\"price\"><del aria-hidden=\"true\"><span class=\"woocommerce-Price-amount amount\"><bdi>6,89<span class=\"woocommerce-Price-currencySymbol\">&euro;<\/span><\/bdi><\/span><\/del> <span class=\"screen-reader-text\">Urspr\u00fcnglicher Preis war: 6,89&euro;<\/span><ins aria-hidden=\"true\"><span class=\"woocommerce-Price-amount amount\"><bdi>6,55<span class=\"woocommerce-Price-currencySymbol\">&euro;<\/span><\/bdi><\/span><\/ins><span class=\"screen-reader-text\">Aktueller Preis ist: 6,55&euro;.<\/span> <small class=\"woocommerce-price-suffix\">IVA Incluido<\/small><\/span>\n<span class=\"inventory_status\"><span class=\"stock-title screen-reader-text\">Verf\u00fcgbarkeit:<\/span> Vorr\u00e4tig<\/span><div class=\"product-caption-bottom\"><form action=\"\/de\/wp-json\/wp\/v2\/posts\/8289?add-to-cart=2787\" class=\"cart\" method=\"post\" enctype=\"multipart\/form-data\">    <div class=\"quantity_wrap\">\n        <label class=\"quantity_label\" for=\"quantity_69f0ec4a6d65b\">Menge<\/label>\n        <div class=\"quantity\">\n                        <input\n                    type=\"number\"\n                    id=\"quantity_69f0ec4a6d65b\"\n                    class=\"input-text qty text\"\n                    step=\"1\"\n                    min=\"1\"\n                    max=\"3\"\n                    name=\"quantity\"\n                    value=\"1\"\n                    title=\"Menge\"\n                    placeholder=\"\"\n                    inputmode=\"numeric\"\/>\n                    <\/div>\n    <\/div>\n    <button type=\"submit\" data-quantity=\"1\" data-product_id=\"2787\" class=\"button alt ajax_add_to_cart add_to_cart_button product_type_simple\">In den Warenkorb<\/button><input\n                    class=\"apbct_special_field apbct_email_id__elementor_form\"\n                    name=\"apbct__email_id__elementor_form\"\n                    aria-label=\"apbct__label_id__elementor_form\"\n                    type=\"text\" size=\"30\" maxlength=\"200\" autocomplete=\"off\"\n                    value=\"\"\n                \/><\/form>\t<span id=\"woocommerce_loop_add_to_cart_link_describedby_2787\" class=\"screen-reader-text\">\n\t\t\t<\/span>\n<\/div><\/div><\/div><\/li>\n<\/ul>\n<\/div><\/div>\t\t\t\t<\/div>\n\t\t\t\t<\/div>\n\t\t\t\t<div class=\"elementor-element elementor-element-25c8d7f elementor-widget elementor-widget-text-editor\" data-id=\"25c8d7f\" data-element_type=\"widget\" data-widget_type=\"text-editor.default\">\n\t\t\t\t<div class=\"elementor-widget-container\">\n\t\t\t\t\t\t\t\t\t\n<h3 class=\"wp-block-heading\">3. Caf\u00e9 Licor: Alcoy und Cocentaina<\/h3>\n\n<p>Der urspr\u00fcnglich aus den Regionen l&#8217;Hoya de Alcoy und Cocentaina stammende <a href=\"https:\/\/degrados.es\/licores-autoctonos-de-alicante-herbero-y-cafe-licor\/\" target=\"_blank\" rel=\"noopener\">Kaffeelik\u00f6r<\/a> ist ein emblematisches Getr\u00e4nk, das das intensive Aroma des Kaffees mit einem Alkoholgehalt zwischen 15 und 20 Grad verbindet. Seine Geschichte geht auf das 19. Jahrhundert zur\u00fcck, als die Textilarbeiter in Alcoy ihrem Kaffee Branntwein beif\u00fcgten, um die M\u00fcdigkeit w\u00e4hrend langer Arbeitstage zu bek\u00e4mpfen. Im Laufe der Zeit entwickelte sich aus dieser Praxis ein verfeinertes Rezept, das wir heute als Aperitivo Caf\u00e9 de Alcoy kennen.  <\/p>\n\n<p>Lik\u00f6rkaffee ist unglaublich vielseitig und wird in einer Vielzahl von valencianischen Cocktails verwendet, wie z.B. dem &#8222;Mentireta&#8220; (Lik\u00f6rkaffee mit Zitronenslush), dem &#8222;Plis Play&#8220; oder &#8222;Burret&#8220; (Lik\u00f6rkaffee mit Cola) und dem &#8222;Negreta&#8220; (Lik\u00f6rkaffee mit Bier). Diese Mischungen, von denen viele in der Pikareske der Franco-\u00c4ra entstanden sind, um den Alkoholkonsum zu tarnen, sind ein Zeugnis der valencianischen Kreativit\u00e4t in der Mixologie. <\/p>\n\n<h3 class=\"wp-block-heading\">4. Herbero: Das Elixier der Sierra de Mariola<\/h3>\n\n<p><a href=\"https:\/\/degrados.es\/de\/herbero-kaufen\/\" target=\"_blank\" rel=\"noopener\">Herbero ist ein typischer Kr\u00e4uterlik\u00f6r<\/a> aus der Provinz Alicante, insbesondere aus der Sierra de Mariola. Er wird durch Destillation oder Mazeration von aromatischen Kr\u00e4utern wie Salbei, Kamille, Pfennigkraut, Zitronenverbene, Thymian und Lavendel hergestellt. Der Herbero hat einen Alkoholgehalt zwischen 22 und 40 Grad. Sein Geschmack, der s\u00fc\u00dfe und trockene Noten kombiniert, spiegelt die Vielfalt der verwendeten Pflanzen wider, und seine Farbe kann von transparent bis zu r\u00f6tlichen oder gr\u00fcnen T\u00f6nen reichen.  <\/p>\n\n<p>Herbero ist ein Getr\u00e4nk, das eng mit der Landschaft und der Tradition von Alicante verbunden ist. Jede Brennerei hat ihr eigenes Rezept, was jede Flasche zu einem Unikat macht. Er wird als Verdauungsschnaps nach dem Essen oder bei geselligen Zusammenk\u00fcnften getrunken und erfreut sich dank seines handwerklichen Charakters und seiner Verbindung zur Natur wachsender Beliebtheit.  <\/p>\n\n<p> <\/p>\n\n<h3 class=\"wp-block-heading\">5. Cantueso: Der Alicante-Lik\u00f6r<\/h3>\n\n<p>Cantueso, hergestellt aus der Pflanze Thymus moroderi (bekannt als &#8218;Thymian aus Alicante&#8216;), ist ein weiterer kultiger Lik\u00f6r aus Alicante, insbesondere aus Elche und Mon\u00f3var. Dieser s\u00fc\u00dfe Lik\u00f6r mit einem Alkoholgehalt zwischen 25 und 35 Grad wird durch Destillation der Bl\u00fcten und St\u00e4ngel der Pflanze in Verbindung mit neutralem Alkohol und Zucker gewonnen. Sein krautiger und s\u00fc\u00dfer Geschmack sowie seine Farbe, die von transparent bis bernsteinfarben variiert, machen ihn zu einem perfekten Getr\u00e4nk f\u00fcr sich allein oder als Zutat in Cocktails.  <\/p>\n\n<p>Die Geschichte des Cantueso reicht bis ins 19. Jahrhundert zur\u00fcck, als er als Aufguss konsumiert wurde, bevor er zu einem <a href=\"https:\/\/degrados.es\/licores-para-chupitos\/\" target=\"_blank\" rel=\"noopener\">Lik\u00f6r<\/a> verarbeitet wurde. Heute ist er zusammen mit Herbero, Lik\u00f6rkaffee und Taubenanis durch die D.O. (Herkunftsbezeichnung) Alicante f\u00fcr Spirituosen gesch\u00fctzt. <\/p>\n\n<h3 class=\"wp-block-heading\">6. Biri Biri: Die Zitrusnote<\/h3>\n\n<p>Biri Biri ist ein typischer Orangenlik\u00f6r aus Alcoy, der mit konzentriertem Saft aus valencianischen Orangen hergestellt wird. Mit einem Alkoholgehalt von ca. 22 Grad verbindet dieser Lik\u00f6r die S\u00fc\u00dfe von Zitrusfr\u00fcchten mit einer frischen und lebendigen Note, die ihn ideal macht, um ihn pur oder in Cocktails zu trinken. Sein mediterraner Charakter macht ihn zu einem perfekten Sommergetr\u00e4nk, serviert on the rocks oder in erfrischenden Cocktails.  <\/p>\n\n<h3 class=\"wp-block-heading\">7. Agua de Valencia und Tarongina<\/h3>\n\n<p>Man kann nicht \u00fcber valencianische Lik\u00f6re sprechen, ohne den <strong>Agua de Valencia<\/strong> zu erw\u00e4hnen, einen kultigen Cocktail, der, obwohl er technisch gesehen kein Flaschenlik\u00f6r ist, zum gastronomischen Erbe der Region geh\u00f6rt. Dieser Cocktail wurde 1959 von Constante Gil im Caf\u00e9 Madrid in Valencia kreiert und kombiniert frisch gepressten Orangensaft, Cava, Gin und Wodka mit einem Hauch von Zucker, um die Aromen auszugleichen. Das Getr\u00e4nk mit seiner goldenen Farbe und seinem erfrischenden Geschmack ist ein Symbol f\u00fcr die valencianischen N\u00e4chte, insbesondere bei Festen und Feiern wie den Fallas oder den Alicante Bonfires. Er wird gek\u00fchlt in Kr\u00fcgen oder gro\u00dfen Gl\u00e4sern serviert und oft unter Freunden geteilt, was seinen festlichen und geselligen Charakter noch verst\u00e4rkt.   <\/p>\n\n<p>Auf der anderen Seite, die <a href=\"https:\/\/degrados.es\/de\/producto\/wasser-aus-valencia-tarongina\/\" target=\"_blank\" rel=\"noopener\"><strong>Tarongina<\/strong><\/a> ist eine modernere Variante, die eine Hommage an die Zitrustradition der valencianischen Gemeinschaft darstellt. Dieser Lik\u00f6r, der auch als &#8218;liqueur de mandarina&#8216; bekannt ist, wird durch Mazerieren oder Destillieren von valencianischen Mandarinen, die hier als &#8218;taronjas&#8216; bekannt sind, hergestellt. Mit einem Alkoholgehalt von etwa 20-25 Grad zeichnet sich Tarongina durch seinen s\u00fc\u00dfen und frischen Geschmack aus, mit einem intensiven Aroma, das an Zitrusfr\u00fcchte im Fr\u00fchling erinnert. Er ist ein vielseitiges Getr\u00e4nk, das pur, on the rocks oder als Zutat in Cocktails genossen werden kann, insbesondere in Kombination mit Tonic oder Cava. Tarongina hat in den letzten Jahren an Popularit\u00e4t gewonnen und ist zu einer modernen Option geworden, die die Tradition des Schnapses mit dem zeitgen\u00f6ssischen Geschmack verbindet.    <\/p>\n\n<p>Sowohl Agua de Valencia als auch Tarongina sind Beispiele daf\u00fcr, wie die Valencianische Gemeinschaft ihren Reichtum an Zitrusfr\u00fcchten nutzen konnte, um Getr\u00e4nke zu kreieren, die nicht nur k\u00f6stlich sind, sondern auch tief in ihrer kulturellen Identit\u00e4t verwurzelt sind.<\/p>\n\n<h2 class=\"wp-block-heading\">Die Kultur des valencianischen Lik\u00f6rs<\/h2>\n\n<p>Valencianische Lik\u00f6re sind nicht nur Getr\u00e4nke, sondern auch ein Vehikel f\u00fcr soziale und kulturelle Verbindungen. Bei Volksfesten wie den Fallas, den Freudenfeuern von Alicante oder traditionellen Mittagessen (&#8222;esmorzarets&#8220;) sind diese Getr\u00e4nke pr\u00e4sent und begleiten Lachen, Gespr\u00e4che und Momente des Feierns. Cazalla ist zum Beispiel untrennbar mit volkst\u00fcmlichen Redewendungen wie &#8222;Una cassalleta i mo n&#8217;anem&#8220; (eine Cazalla und wir gehen nicht) verbunden, die den festlichen und unbeschwerten Geist der Valencianer widerspiegeln.  <\/p>\n\n<p>Dar\u00fcber hinaus haben die valencianischen Lik\u00f6re einen Platz in der modernen Gastronomie gefunden. K\u00f6che und Mixologen haben begonnen, sie in Rezepte und Cocktails einzubauen, von Desserts mit Mistela bis hin zu kreativen Kombinationen mit Lik\u00f6r oder Kr\u00e4uterkaffee. Diese Neuerfindung zeigt die Vielseitigkeit dieser Getr\u00e4nke und ihre F\u00e4higkeit, sich dem modernen Geschmack anzupassen, ohne ihre traditionelle Essenz zu verlieren.  <\/p>\n\n<p>In den letzten Jahren haben sich die valencianischen Destillerien der Innovation verschrieben und neue Lik\u00f6re wie Horchata-Creme oder Veilchenlik\u00f6r kreiert, ohne dabei die handwerkliche Qualit\u00e4t zu vernachl\u00e4ssigen, die sie auszeichnet. Spezialisierte Gesch\u00e4fte und Online-Plattformen wie Degrados oder Sabors de Val\u00e8ncia haben den Zugang zu diesen Getr\u00e4nken erleichtert und bringen den valencianischen Geschmack zu Verbrauchern in der ganzen Welt. Dar\u00fcber hinaus haben Veranstaltungen wie die Ausstellung der Weine, Cavas und Lik\u00f6re der Autonomen Gemeinschaft Valencia dazu beigetragen, den Bekanntheitsgrad dieser Produkte zu erh\u00f6hen und ihre Qualit\u00e4t und kulturellen Wurzeln hervorzuheben.  <\/p>\n\n<p>Die valencianischen Lik\u00f6re stehen jedoch auch vor Herausforderungen, wie dem Wettbewerb mit internationalen Marken und der Notwendigkeit, neue Generationen zu erreichen. Der Schl\u00fcssel zu ihrer Zukunft liegt in der Balance zwischen Tradition und Innovation, der F\u00f6rderung ihres handwerklichen Wertes und ihrer Verbindung mit der valencianischen Identit\u00e4t. <\/p>\n\n<h2 class=\"wp-block-heading\">Online Spirituosengesch\u00e4ft<\/h2>\n\n<p>Die valencianischen Lik\u00f6re spiegeln den kulturellen und nat\u00fcrlichen Reichtum der valencianischen Gemeinschaft wider. Vom s\u00fc\u00dfen Mistela bis zum intensiven Cazalla erz\u00e4hlt jeder Lik\u00f6r eine Geschichte von Tradition, Kreativit\u00e4t und Liebe zum Land. Ob bei einem Familienessen, einer beliebten Fiesta oder einer modernen Cocktailparty, diese Getr\u00e4nke sind nach wie vor ein Symbol f\u00fcr Geselligkeit und Freude. Wenn Sie valencianische Lik\u00f6re entdecken, tauchen Sie ein in die Seele einer Region, die das Leben mit jedem Schluck feiert.   <\/p>\n\n<p>Besuchen Sie jetzt unseren <a href=\"https:\/\/degrados.es\/tienda-licores-valencia\/\">Online-Spirituosen-Shop<\/a> und finden Sie diese und weitere Spirituosen.<\/p>\n\t\t\t\t\t\t\t\t<\/div>\n\t\t\t\t<\/div>\n\t\t\t\t\t<\/div>\n\t\t<\/div>\n\t\t\t\t\t<\/div>\n\t\t<\/section>\n\t\t\t\t<\/div>\n\t\t","protected":false},"excerpt":{"rendered":"<p>Die Comunidad Valenciana, das Land der Sonne, des Meeres und der G\u00e4rten, ist auch die Wiege einer reichen Schnapstradition, die ihre Geschichte, ihre Kultur und ihre Verbundenheit mit der Natur widerspiegelt.<\/p>\n","protected":false},"author":1,"featured_media":8030,"comment_status":"closed","ping_status":"open","sticky":false,"template":"","format":"standard","meta":{"inline_featured_image":false,"footnotes":""},"categories":[669],"tags":[],"class_list":["post-8289","post","type-post","status-publish","format-standard","has-post-thumbnail","hentry","category-spirituosen"],"yoast_head":"<!-- This site is optimized with the Yoast SEO plugin v27.4 - https:\/\/yoast.com\/product\/yoast-seo-wordpress\/ -->\n<title>Valencianische Lik\u00f6re: Geschmack, Tradition und Kultur - Online Spirituosengesch\u00e4ft<\/title>\n<meta name=\"robots\" content=\"index, follow, max-snippet:-1, max-image-preview:large, max-video-preview:-1\" \/>\n<link rel=\"canonical\" href=\"https:\/\/degrados.es\/de\/valencianische-likoere-geschmack-tradition-und-kultur\/\" \/>\n<meta property=\"og:locale\" content=\"de_DE\" \/>\n<meta property=\"og:type\" content=\"article\" \/>\n<meta property=\"og:title\" content=\"Valencianische Lik\u00f6re: Geschmack, Tradition und Kultur - Online Spirituosengesch\u00e4ft\" \/>\n<meta property=\"og:description\" content=\"Die Comunidad Valenciana, das Land der Sonne, des Meeres und der G\u00e4rten, ist auch die Wiege einer reichen Schnapstradition, die ihre Geschichte, ihre Kultur und ihre Verbundenheit mit der Natur widerspiegelt.\" \/>\n<meta property=\"og:url\" content=\"https:\/\/degrados.es\/de\/valencianische-likoere-geschmack-tradition-und-kultur\/\" \/>\n<meta property=\"og:site_name\" content=\"Online Spirituosengesch\u00e4ft\" \/>\n<meta property=\"article:published_time\" content=\"2025-09-15T08:51:42+00:00\" \/>\n<meta property=\"article:modified_time\" content=\"2025-09-15T08:52:14+00:00\" \/>\n<meta property=\"og:image\" content=\"https:\/\/degrados.es\/wp-content\/uploads\/2025\/07\/Licores-valencianos-tipicos.webp\" \/>\n\t<meta property=\"og:image:width\" content=\"1200\" \/>\n\t<meta property=\"og:image:height\" content=\"1200\" \/>\n\t<meta property=\"og:image:type\" content=\"image\/webp\" \/>\n<meta name=\"author\" content=\"Jose\" \/>\n<meta name=\"twitter:card\" content=\"summary_large_image\" \/>\n<meta name=\"twitter:label1\" content=\"Verfasst von\" \/>\n\t<meta name=\"twitter:data1\" content=\"Jose\" \/>\n\t<meta name=\"twitter:label2\" content=\"Gesch\u00e4tzte Lesezeit\" \/>\n\t<meta name=\"twitter:data2\" content=\"10\u00a0Minuten\" \/>\n<script type=\"application\/ld+json\" class=\"yoast-schema-graph\">{\"@context\":\"https:\\\/\\\/schema.org\",\"@graph\":[{\"@type\":\"Article\",\"@id\":\"https:\\\/\\\/degrados.es\\\/de\\\/valencianische-likoere-geschmack-tradition-und-kultur\\\/#article\",\"isPartOf\":{\"@id\":\"https:\\\/\\\/degrados.es\\\/de\\\/valencianische-likoere-geschmack-tradition-und-kultur\\\/\"},\"author\":{\"name\":\"Jose\",\"@id\":\"https:\\\/\\\/degrados.es\\\/#\\\/schema\\\/person\\\/2283ad7ee1a0949981489f9ba563f414\"},\"headline\":\"Valencianische Lik\u00f6re: Geschmack, Tradition und Kultur\",\"datePublished\":\"2025-09-15T08:51:42+00:00\",\"dateModified\":\"2025-09-15T08:52:14+00:00\",\"mainEntityOfPage\":{\"@id\":\"https:\\\/\\\/degrados.es\\\/de\\\/valencianische-likoere-geschmack-tradition-und-kultur\\\/\"},\"wordCount\":2006,\"publisher\":{\"@id\":\"https:\\\/\\\/degrados.es\\\/#organization\"},\"image\":{\"@id\":\"https:\\\/\\\/degrados.es\\\/de\\\/valencianische-likoere-geschmack-tradition-und-kultur\\\/#primaryimage\"},\"thumbnailUrl\":\"https:\\\/\\\/degrados.es\\\/wp-content\\\/uploads\\\/2025\\\/07\\\/Licores-valencianos-tipicos.webp\",\"articleSection\":[\"Spirituosen\"],\"inLanguage\":\"de\"},{\"@type\":\"WebPage\",\"@id\":\"https:\\\/\\\/degrados.es\\\/de\\\/valencianische-likoere-geschmack-tradition-und-kultur\\\/\",\"url\":\"https:\\\/\\\/degrados.es\\\/de\\\/valencianische-likoere-geschmack-tradition-und-kultur\\\/\",\"name\":\"Valencianische Lik\u00f6re: Geschmack, Tradition und Kultur - Online Spirituosengesch\u00e4ft\",\"isPartOf\":{\"@id\":\"https:\\\/\\\/degrados.es\\\/#website\"},\"primaryImageOfPage\":{\"@id\":\"https:\\\/\\\/degrados.es\\\/de\\\/valencianische-likoere-geschmack-tradition-und-kultur\\\/#primaryimage\"},\"image\":{\"@id\":\"https:\\\/\\\/degrados.es\\\/de\\\/valencianische-likoere-geschmack-tradition-und-kultur\\\/#primaryimage\"},\"thumbnailUrl\":\"https:\\\/\\\/degrados.es\\\/wp-content\\\/uploads\\\/2025\\\/07\\\/Licores-valencianos-tipicos.webp\",\"datePublished\":\"2025-09-15T08:51:42+00:00\",\"dateModified\":\"2025-09-15T08:52:14+00:00\",\"breadcrumb\":{\"@id\":\"https:\\\/\\\/degrados.es\\\/de\\\/valencianische-likoere-geschmack-tradition-und-kultur\\\/#breadcrumb\"},\"inLanguage\":\"de\",\"potentialAction\":[{\"@type\":\"ReadAction\",\"target\":[\"https:\\\/\\\/degrados.es\\\/de\\\/valencianische-likoere-geschmack-tradition-und-kultur\\\/\"]}]},{\"@type\":\"ImageObject\",\"inLanguage\":\"de\",\"@id\":\"https:\\\/\\\/degrados.es\\\/de\\\/valencianische-likoere-geschmack-tradition-und-kultur\\\/#primaryimage\",\"url\":\"https:\\\/\\\/degrados.es\\\/wp-content\\\/uploads\\\/2025\\\/07\\\/Licores-valencianos-tipicos.webp\",\"contentUrl\":\"https:\\\/\\\/degrados.es\\\/wp-content\\\/uploads\\\/2025\\\/07\\\/Licores-valencianos-tipicos.webp\",\"width\":1200,\"height\":1200,\"caption\":\"Licores de Valencia m\u00e1s comunes\"},{\"@type\":\"BreadcrumbList\",\"@id\":\"https:\\\/\\\/degrados.es\\\/de\\\/valencianische-likoere-geschmack-tradition-und-kultur\\\/#breadcrumb\",\"itemListElement\":[{\"@type\":\"ListItem\",\"position\":1,\"name\":\"Home\",\"item\":\"https:\\\/\\\/degrados.es\\\/de\\\/startseite\\\/\"},{\"@type\":\"ListItem\",\"position\":2,\"name\":\"Valencianische Lik\u00f6re: Geschmack, Tradition und Kultur\"}]},{\"@type\":\"WebSite\",\"@id\":\"https:\\\/\\\/degrados.es\\\/#website\",\"url\":\"https:\\\/\\\/degrados.es\\\/\",\"name\":\"Degrados\",\"description\":\"Spirituosen online kaufen\",\"publisher\":{\"@id\":\"https:\\\/\\\/degrados.es\\\/#organization\"},\"alternateName\":\"Licorer\u00eda online\",\"potentialAction\":[{\"@type\":\"SearchAction\",\"target\":{\"@type\":\"EntryPoint\",\"urlTemplate\":\"https:\\\/\\\/degrados.es\\\/?s={search_term_string}\"},\"query-input\":{\"@type\":\"PropertyValueSpecification\",\"valueRequired\":true,\"valueName\":\"search_term_string\"}}],\"inLanguage\":\"de\"},{\"@type\":\"Organization\",\"@id\":\"https:\\\/\\\/degrados.es\\\/#organization\",\"name\":\"DeGrados\",\"url\":\"https:\\\/\\\/degrados.es\\\/\",\"logo\":{\"@type\":\"ImageObject\",\"inLanguage\":\"de\",\"@id\":\"https:\\\/\\\/degrados.es\\\/#\\\/schema\\\/logo\\\/image\\\/\",\"url\":\"https:\\\/\\\/degrados.es\\\/wp-content\\\/uploads\\\/2021\\\/02\\\/Logo-degrados.png\",\"contentUrl\":\"https:\\\/\\\/degrados.es\\\/wp-content\\\/uploads\\\/2021\\\/02\\\/Logo-degrados.png\",\"width\":350,\"height\":86,\"caption\":\"DeGrados\"},\"image\":{\"@id\":\"https:\\\/\\\/degrados.es\\\/#\\\/schema\\\/logo\\\/image\\\/\"}},{\"@type\":\"Person\",\"@id\":\"https:\\\/\\\/degrados.es\\\/#\\\/schema\\\/person\\\/2283ad7ee1a0949981489f9ba563f414\",\"name\":\"Jose\",\"image\":{\"@type\":\"ImageObject\",\"inLanguage\":\"de\",\"@id\":\"https:\\\/\\\/secure.gravatar.com\\\/avatar\\\/df5734f1e671bb80362a0338e2da107217d52f3f06d356ac080be4869db2d3e2?s=96&d=mm&r=g\",\"url\":\"https:\\\/\\\/secure.gravatar.com\\\/avatar\\\/df5734f1e671bb80362a0338e2da107217d52f3f06d356ac080be4869db2d3e2?s=96&d=mm&r=g\",\"contentUrl\":\"https:\\\/\\\/secure.gravatar.com\\\/avatar\\\/df5734f1e671bb80362a0338e2da107217d52f3f06d356ac080be4869db2d3e2?s=96&d=mm&r=g\",\"caption\":\"Jose\"},\"url\":\"https:\\\/\\\/degrados.es\\\/de\\\/author\\\/admingrados\\\/\"}]}<\/script>\n<!-- \/ Yoast SEO plugin. -->","yoast_head_json":{"title":"Valencianische Lik\u00f6re: Geschmack, Tradition und Kultur - Online Spirituosengesch\u00e4ft","robots":{"index":"index","follow":"follow","max-snippet":"max-snippet:-1","max-image-preview":"max-image-preview:large","max-video-preview":"max-video-preview:-1"},"canonical":"https:\/\/degrados.es\/de\/valencianische-likoere-geschmack-tradition-und-kultur\/","og_locale":"de_DE","og_type":"article","og_title":"Valencianische Lik\u00f6re: Geschmack, Tradition und Kultur - Online Spirituosengesch\u00e4ft","og_description":"Die Comunidad Valenciana, das Land der Sonne, des Meeres und der G\u00e4rten, ist auch die Wiege einer reichen Schnapstradition, die ihre Geschichte, ihre Kultur und ihre Verbundenheit mit der Natur widerspiegelt.","og_url":"https:\/\/degrados.es\/de\/valencianische-likoere-geschmack-tradition-und-kultur\/","og_site_name":"Online Spirituosengesch\u00e4ft","article_published_time":"2025-09-15T08:51:42+00:00","article_modified_time":"2025-09-15T08:52:14+00:00","og_image":[{"width":1200,"height":1200,"url":"https:\/\/degrados.es\/wp-content\/uploads\/2025\/07\/Licores-valencianos-tipicos.webp","type":"image\/webp"}],"author":"Jose","twitter_card":"summary_large_image","twitter_misc":{"Verfasst von":"Jose","Gesch\u00e4tzte Lesezeit":"10\u00a0Minuten"},"schema":{"@context":"https:\/\/schema.org","@graph":[{"@type":"Article","@id":"https:\/\/degrados.es\/de\/valencianische-likoere-geschmack-tradition-und-kultur\/#article","isPartOf":{"@id":"https:\/\/degrados.es\/de\/valencianische-likoere-geschmack-tradition-und-kultur\/"},"author":{"name":"Jose","@id":"https:\/\/degrados.es\/#\/schema\/person\/2283ad7ee1a0949981489f9ba563f414"},"headline":"Valencianische Lik\u00f6re: Geschmack, Tradition und Kultur","datePublished":"2025-09-15T08:51:42+00:00","dateModified":"2025-09-15T08:52:14+00:00","mainEntityOfPage":{"@id":"https:\/\/degrados.es\/de\/valencianische-likoere-geschmack-tradition-und-kultur\/"},"wordCount":2006,"publisher":{"@id":"https:\/\/degrados.es\/#organization"},"image":{"@id":"https:\/\/degrados.es\/de\/valencianische-likoere-geschmack-tradition-und-kultur\/#primaryimage"},"thumbnailUrl":"https:\/\/degrados.es\/wp-content\/uploads\/2025\/07\/Licores-valencianos-tipicos.webp","articleSection":["Spirituosen"],"inLanguage":"de"},{"@type":"WebPage","@id":"https:\/\/degrados.es\/de\/valencianische-likoere-geschmack-tradition-und-kultur\/","url":"https:\/\/degrados.es\/de\/valencianische-likoere-geschmack-tradition-und-kultur\/","name":"Valencianische Lik\u00f6re: Geschmack, Tradition und Kultur - Online Spirituosengesch\u00e4ft","isPartOf":{"@id":"https:\/\/degrados.es\/#website"},"primaryImageOfPage":{"@id":"https:\/\/degrados.es\/de\/valencianische-likoere-geschmack-tradition-und-kultur\/#primaryimage"},"image":{"@id":"https:\/\/degrados.es\/de\/valencianische-likoere-geschmack-tradition-und-kultur\/#primaryimage"},"thumbnailUrl":"https:\/\/degrados.es\/wp-content\/uploads\/2025\/07\/Licores-valencianos-tipicos.webp","datePublished":"2025-09-15T08:51:42+00:00","dateModified":"2025-09-15T08:52:14+00:00","breadcrumb":{"@id":"https:\/\/degrados.es\/de\/valencianische-likoere-geschmack-tradition-und-kultur\/#breadcrumb"},"inLanguage":"de","potentialAction":[{"@type":"ReadAction","target":["https:\/\/degrados.es\/de\/valencianische-likoere-geschmack-tradition-und-kultur\/"]}]},{"@type":"ImageObject","inLanguage":"de","@id":"https:\/\/degrados.es\/de\/valencianische-likoere-geschmack-tradition-und-kultur\/#primaryimage","url":"https:\/\/degrados.es\/wp-content\/uploads\/2025\/07\/Licores-valencianos-tipicos.webp","contentUrl":"https:\/\/degrados.es\/wp-content\/uploads\/2025\/07\/Licores-valencianos-tipicos.webp","width":1200,"height":1200,"caption":"Licores de Valencia m\u00e1s comunes"},{"@type":"BreadcrumbList","@id":"https:\/\/degrados.es\/de\/valencianische-likoere-geschmack-tradition-und-kultur\/#breadcrumb","itemListElement":[{"@type":"ListItem","position":1,"name":"Home","item":"https:\/\/degrados.es\/de\/startseite\/"},{"@type":"ListItem","position":2,"name":"Valencianische Lik\u00f6re: Geschmack, Tradition und Kultur"}]},{"@type":"WebSite","@id":"https:\/\/degrados.es\/#website","url":"https:\/\/degrados.es\/","name":"Degrados","description":"Spirituosen online kaufen","publisher":{"@id":"https:\/\/degrados.es\/#organization"},"alternateName":"Licorer\u00eda online","potentialAction":[{"@type":"SearchAction","target":{"@type":"EntryPoint","urlTemplate":"https:\/\/degrados.es\/?s={search_term_string}"},"query-input":{"@type":"PropertyValueSpecification","valueRequired":true,"valueName":"search_term_string"}}],"inLanguage":"de"},{"@type":"Organization","@id":"https:\/\/degrados.es\/#organization","name":"DeGrados","url":"https:\/\/degrados.es\/","logo":{"@type":"ImageObject","inLanguage":"de","@id":"https:\/\/degrados.es\/#\/schema\/logo\/image\/","url":"https:\/\/degrados.es\/wp-content\/uploads\/2021\/02\/Logo-degrados.png","contentUrl":"https:\/\/degrados.es\/wp-content\/uploads\/2021\/02\/Logo-degrados.png","width":350,"height":86,"caption":"DeGrados"},"image":{"@id":"https:\/\/degrados.es\/#\/schema\/logo\/image\/"}},{"@type":"Person","@id":"https:\/\/degrados.es\/#\/schema\/person\/2283ad7ee1a0949981489f9ba563f414","name":"Jose","image":{"@type":"ImageObject","inLanguage":"de","@id":"https:\/\/secure.gravatar.com\/avatar\/df5734f1e671bb80362a0338e2da107217d52f3f06d356ac080be4869db2d3e2?s=96&d=mm&r=g","url":"https:\/\/secure.gravatar.com\/avatar\/df5734f1e671bb80362a0338e2da107217d52f3f06d356ac080be4869db2d3e2?s=96&d=mm&r=g","contentUrl":"https:\/\/secure.gravatar.com\/avatar\/df5734f1e671bb80362a0338e2da107217d52f3f06d356ac080be4869db2d3e2?s=96&d=mm&r=g","caption":"Jose"},"url":"https:\/\/degrados.es\/de\/author\/admingrados\/"}]}},"_links":{"self":[{"href":"https:\/\/degrados.es\/de\/wp-json\/wp\/v2\/posts\/8289","targetHints":{"allow":["GET"]}}],"collection":[{"href":"https:\/\/degrados.es\/de\/wp-json\/wp\/v2\/posts"}],"about":[{"href":"https:\/\/degrados.es\/de\/wp-json\/wp\/v2\/types\/post"}],"author":[{"embeddable":true,"href":"https:\/\/degrados.es\/de\/wp-json\/wp\/v2\/users\/1"}],"replies":[{"embeddable":true,"href":"https:\/\/degrados.es\/de\/wp-json\/wp\/v2\/comments?post=8289"}],"version-history":[{"count":3,"href":"https:\/\/degrados.es\/de\/wp-json\/wp\/v2\/posts\/8289\/revisions"}],"predecessor-version":[{"id":8302,"href":"https:\/\/degrados.es\/de\/wp-json\/wp\/v2\/posts\/8289\/revisions\/8302"}],"wp:featuredmedia":[{"embeddable":true,"href":"https:\/\/degrados.es\/de\/wp-json\/wp\/v2\/media\/8030"}],"wp:attachment":[{"href":"https:\/\/degrados.es\/de\/wp-json\/wp\/v2\/media?parent=8289"}],"wp:term":[{"taxonomy":"category","embeddable":true,"href":"https:\/\/degrados.es\/de\/wp-json\/wp\/v2\/categories?post=8289"},{"taxonomy":"post_tag","embeddable":true,"href":"https:\/\/degrados.es\/de\/wp-json\/wp\/v2\/tags?post=8289"}],"curies":[{"name":"wp","href":"https:\/\/api.w.org\/{rel}","templated":true}]}}